{"id":14932,"date":"2021-02-28T09:35:00","date_gmt":"2021-02-28T12:35:00","guid":{"rendered":"http:\/\/www.centraldenoticias.com.ar\/?p=14932"},"modified":"2021-02-28T09:35:00","modified_gmt":"2021-02-28T12:35:00","slug":"zulema-perglione-viuda-de-machado-q-e-p-d","status":"publish","type":"post","link":"https:\/\/cdnoticias.com\/index.php\/2021\/02\/28\/zulema-perglione-viuda-de-machado-q-e-p-d\/","title":{"rendered":"Zulema Perglione viuda de Machado (Q.E.P.D.)"},"content":{"rendered":"<p>Falleci\u00f3 en Olavarr\u00eda el d\u00eda 28 de febrero de 2021 a los 78 a\u00f1os de edad. Sus hijos Claudia y Carlos Machado; su hija pol\u00edtica Sonia Delfino, sus nietos Ezequiel Machado, Martina Machado y Marianela Quevedo; sus hermanos Mario y Edith Perglione; sus sobrinos, sus hermanas pol\u00edticas y dem\u00e1s deudos participan su fallecimiento.<\/p>\n<p>Velatorio: Sala de Espa\u00f1a 2942 departamento &#8221;B&#8221; este lunes 1 de marzo desde las 13:30 horas. Responso: Capilla ardiente. Inhumaci\u00f3n: Cementerio Loma de Paz, lunes a las 15.30. Servicio adherido a Coopelectric.<\/p>\n<p>Barrio en el que viv\u00eda: Pueblo nuevo<\/p>\n<p>Lugar de nacimiento: Tapalqu\u00e9<\/p>\n<p>Actividad que desarrollaba: Jubilada<\/p>\n","protected":false},"excerpt":{"rendered":"<p>Falleci\u00f3 en Olavarr\u00eda el d\u00eda 28 de febrero de 2021 a los 78 a\u00f1os de edad. Sus hijos Claudia y<\/p>\n","protected":false},"author":4,"featured_media":0,"comment_status":"closed","ping_status":"closed","sticky":false,"template":"","format":"standard","meta":{"_jetpack_memberships_contains_paid_content":false,"footnotes":""},"categories":[10],"tags":[],"class_list":["post-14932","post","type-post","status-publish","format-standard","hentry","category-necrologicas"],"jetpack_featured_media_url":"","jetpack_sharing_enabled":true,"_links":{"self":[{"href":"https:\/\/cdnoticias.com\/index.php\/wp-json\/wp\/v2\/posts\/14932","targetHints":{"allow":["GET"]}}],"collection":[{"href":"https:\/\/cdnoticias.com\/index.php\/wp-json\/wp\/v2\/posts"}],"about":[{"href":"https:\/\/cdnoticias.com\/index.php\/wp-json\/wp\/v2\/types\/post"}],"author":[{"embeddable":true,"href":"https:\/\/cdnoticias.com\/index.php\/wp-json\/wp\/v2\/users\/4"}],"replies":[{"embeddable":true,"href":"https:\/\/cdnoticias.com\/index.php\/wp-json\/wp\/v2\/comments?post=14932"}],"version-history":[{"count":0,"href":"https:\/\/cdnoticias.com\/index.php\/wp-json\/wp\/v2\/posts\/14932\/revisions"}],"wp:attachment":[{"href":"https:\/\/cdnoticias.com\/index.php\/wp-json\/wp\/v2\/media?parent=14932"}],"wp:term":[{"taxonomy":"category","embeddable":true,"href":"https:\/\/cdnoticias.com\/index.php\/wp-json\/wp\/v2\/categories?post=14932"},{"taxonomy":"post_tag","embeddable":true,"href":"https:\/\/cdnoticias.com\/index.php\/wp-json\/wp\/v2\/tags?post=14932"}],"curies":[{"name":"wp","href":"https:\/\/api.w.org\/{rel}","templated":true}]}}