{"id":14930,"date":"2021-02-28T09:32:51","date_gmt":"2021-02-28T12:32:51","guid":{"rendered":"http:\/\/www.centraldenoticias.com.ar\/?p=14930"},"modified":"2021-02-28T09:32:51","modified_gmt":"2021-02-28T12:32:51","slug":"lidia-beatriz-calderaro-viuda-de-quintana-bety-q-e-p-d","status":"publish","type":"post","link":"https:\/\/cdnoticias.com\/index.php\/2021\/02\/28\/lidia-beatriz-calderaro-viuda-de-quintana-bety-q-e-p-d\/","title":{"rendered":"Lidia Beatriz Calderaro viuda de Quintana \u201cBety\u201d (Q.E.P.D.)"},"content":{"rendered":"<p>Falleci\u00f3 en Olavarr\u00eda el d\u00eda 27 de febrero de 2021 a los 72 a\u00f1os de edad. Su hija Julia C\u00f3rdoba; sus nietos; sus bisnietos y dem\u00e1s deudos participan su fallecimiento.<\/p>\n<p>Velatorio: Espa\u00f1a 2942, Departamento \u201cD\u201d. La sala se habilitar\u00e1 este lunes 1 de marzo a las 12:30 hs. Sin responso. Inhumaci\u00f3n: Cementerio Loma de Paz, lunes a las 14:30 horas. Servicio adherido a Coopelectric.<\/p>\n<p>Barrio en el que viv\u00eda: Provincias Unidas.<\/p>\n<p>Lugar de nacimiento: San Fernando.<\/p>\n<p>Actividad que desarrollaba: Jubilada y pensionada.<\/p>\n","protected":false},"excerpt":{"rendered":"<p>Falleci\u00f3 en Olavarr\u00eda el d\u00eda 27 de febrero de 2021 a los 72 a\u00f1os de edad. Su hija Julia C\u00f3rdoba;<\/p>\n","protected":false},"author":4,"featured_media":0,"comment_status":"closed","ping_status":"closed","sticky":false,"template":"","format":"standard","meta":{"_jetpack_memberships_contains_paid_content":false,"footnotes":""},"categories":[10],"tags":[],"class_list":["post-14930","post","type-post","status-publish","format-standard","hentry","category-necrologicas"],"jetpack_featured_media_url":"","jetpack_sharing_enabled":true,"_links":{"self":[{"href":"https:\/\/cdnoticias.com\/index.php\/wp-json\/wp\/v2\/posts\/14930","targetHints":{"allow":["GET"]}}],"collection":[{"href":"https:\/\/cdnoticias.com\/index.php\/wp-json\/wp\/v2\/posts"}],"about":[{"href":"https:\/\/cdnoticias.com\/index.php\/wp-json\/wp\/v2\/types\/post"}],"author":[{"embeddable":true,"href":"https:\/\/cdnoticias.com\/index.php\/wp-json\/wp\/v2\/users\/4"}],"replies":[{"embeddable":true,"href":"https:\/\/cdnoticias.com\/index.php\/wp-json\/wp\/v2\/comments?post=14930"}],"version-history":[{"count":0,"href":"https:\/\/cdnoticias.com\/index.php\/wp-json\/wp\/v2\/posts\/14930\/revisions"}],"wp:attachment":[{"href":"https:\/\/cdnoticias.com\/index.php\/wp-json\/wp\/v2\/media?parent=14930"}],"wp:term":[{"taxonomy":"category","embeddable":true,"href":"https:\/\/cdnoticias.com\/index.php\/wp-json\/wp\/v2\/categories?post=14930"},{"taxonomy":"post_tag","embeddable":true,"href":"https:\/\/cdnoticias.com\/index.php\/wp-json\/wp\/v2\/tags?post=14930"}],"curies":[{"name":"wp","href":"https:\/\/api.w.org\/{rel}","templated":true}]}}