{"id":149293,"date":"2022-09-22T20:34:41","date_gmt":"2022-09-22T23:34:41","guid":{"rendered":"http:\/\/centraldeportes.com.ar\/?p=23510"},"modified":"2022-09-22T20:34:41","modified_gmt":"2022-09-22T23:34:41","slug":"el-seleccionado-sub-15-consiguio-su-primera-victoria-en-el-clasificatorio-2","status":"publish","type":"post","link":"https:\/\/cdnoticias.com\/index.php\/2022\/09\/22\/el-seleccionado-sub-15-consiguio-su-primera-victoria-en-el-clasificatorio-2\/","title":{"rendered":"El Seleccionado Sub 15 consigui\u00f3 su primera victoria en el Clasificatorio"},"content":{"rendered":"<p>En el \u201cTete\u201d Di Carlo, el elenco olavarriense le gan\u00f3 1 a 0 a Tandil por la 3\u00b0 fecha del torneo organizado por la Federaci\u00f3n Bonaerense Pampeana. Hubo disturbios sobre el final y jugadores informados en ambos equipos.<!--more--><\/p>\n<hr \/>\n<p><strong>El combinado Sub 15 de Racing, representando a la Selecci\u00f3n de Olavarr\u00eda, recibi\u00f3 a Tandil en la tarde de este jueves para disputar la tercera fecha del Torneo Clasificatorio de Selecciones<\/strong> organizado por la Federaci\u00f3n Bonaerense Pampeana. El conjunto olavarriense ven\u00eda de igualar en su primer compromiso mientras que los tandilenses lograron sumar de a tres en la segunda fecha, ambos frente a Azul.<\/p>\n<p>&nbsp;<\/p>\n<p><strong>Con gol de Santiago Sosa a los 17 minutos de la primera mitad, Olavarr\u00eda venci\u00f3 1 a 0 a Tandil y sum\u00f3 su primer triunfo en el certamen<\/strong>. A pesar de ser un primer tiempo bastante parejo, los dirigidos por Tavare supieron aprovechar el \u00fanico error que cometi\u00f3 la l\u00ednea defensiva tandilense y consigui\u00f3 facturar para irse ganando al descanso. Antes de eso, a los 26\u2019, Migueltorena se perdi\u00f3 la igualdad para la visita ejecutando un cabezazo desviado.<\/p>\n<p>&nbsp;<\/p>\n<p>[soliloquy slug=&#8221;olavarria-tandil&#8221;]<\/p>\n<p>&nbsp;<\/p>\n<p>En la etapa complementaria los de Andolfatti tomaron la iniciativa y manejaron el ritmo del partido pero no consiguieron llegar al empate por una gran labor del arquero olavarriense. <strong>Fue a los 72\u2019, cuando se luci\u00f3 Mart\u00ednez\u00a0 y le ahog\u00f3 el grito de gol a Larraburu con una estupenda atajada<\/strong>. A pesar de ello, el conjunto local supo aguantar el asedio tandilense y consigui\u00f3 llevarse los tres puntos en casa. Gran partido de la defensa del seleccionado de la Liga de F\u00fatbol de Olavarr\u00eda.<\/p>\n<p>&nbsp;<\/p>\n<p>Lo que quiz\u00e1 m\u00e1s se lament\u00f3 fue el final del encuentro. <strong>Hubo empujones y agresiones por parte de ambos equipos que, por suerte, fueron contrarrestadas r\u00e1pidamente por los mismos jugadores y cuerpo t\u00e9cnico<\/strong>. Por lo sucedido, el \u00e1rbitro del encuentro decidi\u00f3 informar a varios protagonistas que por ende fueron expulsados. Bravo y Sosa por el lado de Olavarr\u00eda y Ciano, Chidichimo y Andolfatti vieron la roja en Tandil.<\/p>\n<p>&nbsp;<\/p>\n<p><strong>En la pr\u00f3xima fecha, la Selecci\u00f3n Sub 15 estar\u00e1 jugando nuevamente como local ante Azul<\/strong> y luego tendr\u00e1 su compromiso de visitante nuevamente ante los tandilenses.<\/p>\n<p>&nbsp;<\/p>\n<p>S\u00edntesis Olavarr\u00eda \u2013 Tandil:<\/p>\n<p><strong>Olavarr\u00eda (1): <\/strong>Juan Emilio Mart\u00ednez; Santino Bravo, Lautaro Fr\u00edas, Alexis Mourlas, Lucas Brun; Santiago Sosa (T. Z\u00e1rate), Mat\u00edas Desch (A. Sal\u00edas), Lautaro Gallo, Gonzalo Duarte; Dami\u00e1n Dolezor (J. Santell\u00e1n) y Agust\u00edn Pandini (J. Galizio). DT: Carlos Tavare.<\/p>\n<p><strong>Tandil (0):<\/strong> Mat\u00edas Berestain (T. Killian); Felipe Milesi (G. Girollet), Tom\u00e1s Nasello, Juan Ignacio D\u2019alfonso, Camilo L\u00f3pez (J. Petrirena); Bruno Chidichimo, Thiago Ijurco (S. Ciano), Bautista Migueltorena, Benjam\u00edn D\u00edaz; Joaqu\u00edn Bottaia (M. Nu\u00f1ez) y Juan Bautista Larraburu. DT: Ezequiel Andolfatti.<\/p>\n<p><strong>Goles:<\/strong> 17m. PT Santiago Sosa (O).<\/p>\n<p><strong>Amonestados:<\/strong> Mourlas, Dolezor y Mart\u00ednez (Olavarr\u00eda); Migueltorena (Tandil).<\/p>\n<p><strong>Expulsados:<\/strong> Santino Bravo y Santiago Sosa (O); Bruno Chidichimo, Santiago Ciano y Ezequiel Andolfatti \u2013 DT \u2013 (T).<\/p>\n<p><strong>\u00c1rbitro:<\/strong> Braian Tiseira (Bol\u00edvar). <strong>Estadio:<\/strong> Clemente Di Carlo.<\/p>\n","protected":false},"excerpt":{"rendered":"<p>En el \u201cTete\u201d Di Carlo, el elenco olavarriense le gan\u00f3 1 a 0 a Tandil por la 3\u00b0 fecha del<\/p>\n","protected":false},"author":96739694,"featured_media":149294,"comment_status":"closed","ping_status":"closed","sticky":false,"template":"","format":"standard","meta":{"_jetpack_memberships_contains_paid_content":false,"footnotes":""},"categories":[35,40,1],"tags":[],"class_list":["post-149293","post","type-post","status-publish","format-standard","has-post-thumbnail","hentry","category-futbol","category-inferiores","category-portada"],"jetpack_featured_media_url":"https:\/\/i0.wp.com\/cdnoticias.com\/wp-content\/uploads\/2022\/09\/Photo_1663879261877.jpg?fit=1500%2C1000&ssl=1","jetpack_sharing_enabled":true,"_links":{"self":[{"href":"https:\/\/cdnoticias.com\/index.php\/wp-json\/wp\/v2\/posts\/149293","targetHints":{"allow":["GET"]}}],"collection":[{"href":"https:\/\/cdnoticias.com\/index.php\/wp-json\/wp\/v2\/posts"}],"about":[{"href":"https:\/\/cdnoticias.com\/index.php\/wp-json\/wp\/v2\/types\/post"}],"author":[{"embeddable":true,"href":"https:\/\/cdnoticias.com\/index.php\/wp-json\/wp\/v2\/users\/96739694"}],"replies":[{"embeddable":true,"href":"https:\/\/cdnoticias.com\/index.php\/wp-json\/wp\/v2\/comments?post=149293"}],"version-history":[{"count":0,"href":"https:\/\/cdnoticias.com\/index.php\/wp-json\/wp\/v2\/posts\/149293\/revisions"}],"wp:featuredmedia":[{"embeddable":true,"href":"https:\/\/cdnoticias.com\/index.php\/wp-json\/wp\/v2\/media\/149294"}],"wp:attachment":[{"href":"https:\/\/cdnoticias.com\/index.php\/wp-json\/wp\/v2\/media?parent=149293"}],"wp:term":[{"taxonomy":"category","embeddable":true,"href":"https:\/\/cdnoticias.com\/index.php\/wp-json\/wp\/v2\/categories?post=149293"},{"taxonomy":"post_tag","embeddable":true,"href":"https:\/\/cdnoticias.com\/index.php\/wp-json\/wp\/v2\/tags?post=149293"}],"curies":[{"name":"wp","href":"https:\/\/api.w.org\/{rel}","templated":true}]}}