{"id":149279,"date":"2022-09-22T22:17:20","date_gmt":"2022-09-23T01:17:20","guid":{"rendered":"http:\/\/centraldeportes.com.ar\/?p=23512"},"modified":"2022-09-22T22:17:20","modified_gmt":"2022-09-23T01:17:20","slug":"racing-sera-local-en-la-definicion-de-la-liga-junior","status":"publish","type":"post","link":"https:\/\/cdnoticias.com\/index.php\/2022\/09\/22\/racing-sera-local-en-la-definicion-de-la-liga-junior\/","title":{"rendered":"Racing ser\u00e1 local en la definici\u00f3n de la Liga Junior"},"content":{"rendered":"<p>Luego de lograr la clasificaci\u00f3n el pasado fin de semana, la Federaci\u00f3n de B\u00e1squet de la Provincia de Buenos Aires confirm\u00f3 que el Final Four se jugar\u00e1 en la ciudad de Olavarr\u00eda.<!--more--><\/p>\n<hr \/>\n<p>El \u201cChaira\u201d, que a\u00fan no conoce la derrota en el certamen, se gan\u00f3 el derecho de jugar la definici\u00f3n de la Liga Junior en condici\u00f3n de local. <strong>Este jueves, la Federaci\u00f3n de B\u00e1squet de la Provincia de Buenos Aires anunci\u00f3 que la ciudad de Olavarr\u00eda ser\u00e1 sede del Final Four de la Liga Provincial U19<\/strong>.<\/p>\n<p>&nbsp;<\/p>\n<p>Seg\u00fan la entidad reguladora, el cuadrangular<strong> se llevar\u00e1 a cabo desde el 14 al 16\u00a0 de octubre<\/strong> en el Parque Olavarr\u00eda y, <strong>adem\u00e1s de Racing, lo estar\u00e1n disputando Atl\u00e9tico Pilar, Col\u00f3n de Chivilcoy y Uni\u00f3n de Mar del Plata<\/strong>.<\/p>\n","protected":false},"excerpt":{"rendered":"<p>Luego de lograr la clasificaci\u00f3n el pasado fin de semana, la Federaci\u00f3n de B\u00e1squet de la Provincia de Buenos Aires<\/p>\n","protected":false},"author":96739694,"featured_media":149283,"comment_status":"closed","ping_status":"closed","sticky":false,"template":"","format":"standard","meta":{"_jetpack_memberships_contains_paid_content":false,"footnotes":""},"categories":[31,63,1],"tags":[],"class_list":["post-149279","post","type-post","status-publish","format-standard","has-post-thumbnail","hentry","category-basquet","category-liga-junior","category-portada"],"jetpack_featured_media_url":"https:\/\/i0.wp.com\/cdnoticias.com\/wp-content\/uploads\/2022\/09\/racing-alvarado-4.jpeg?fit=1280%2C853&ssl=1","jetpack_sharing_enabled":true,"_links":{"self":[{"href":"https:\/\/cdnoticias.com\/index.php\/wp-json\/wp\/v2\/posts\/149279","targetHints":{"allow":["GET"]}}],"collection":[{"href":"https:\/\/cdnoticias.com\/index.php\/wp-json\/wp\/v2\/posts"}],"about":[{"href":"https:\/\/cdnoticias.com\/index.php\/wp-json\/wp\/v2\/types\/post"}],"author":[{"embeddable":true,"href":"https:\/\/cdnoticias.com\/index.php\/wp-json\/wp\/v2\/users\/96739694"}],"replies":[{"embeddable":true,"href":"https:\/\/cdnoticias.com\/index.php\/wp-json\/wp\/v2\/comments?post=149279"}],"version-history":[{"count":0,"href":"https:\/\/cdnoticias.com\/index.php\/wp-json\/wp\/v2\/posts\/149279\/revisions"}],"wp:featuredmedia":[{"embeddable":true,"href":"https:\/\/cdnoticias.com\/index.php\/wp-json\/wp\/v2\/media\/149283"}],"wp:attachment":[{"href":"https:\/\/cdnoticias.com\/index.php\/wp-json\/wp\/v2\/media?parent=149279"}],"wp:term":[{"taxonomy":"category","embeddable":true,"href":"https:\/\/cdnoticias.com\/index.php\/wp-json\/wp\/v2\/categories?post=149279"},{"taxonomy":"post_tag","embeddable":true,"href":"https:\/\/cdnoticias.com\/index.php\/wp-json\/wp\/v2\/tags?post=149279"}],"curies":[{"name":"wp","href":"https:\/\/api.w.org\/{rel}","templated":true}]}}