{"id":149236,"date":"2022-06-18T14:22:36","date_gmt":"2022-06-18T17:22:36","guid":{"rendered":"http:\/\/centraldeportes.com.ar\/?p=18062"},"modified":"2022-06-18T14:22:36","modified_gmt":"2022-06-18T17:22:36","slug":"finalmente-hubo-asamblea-en-el-fortin-y-asumio-leandro-lanceta","status":"publish","type":"post","link":"https:\/\/cdnoticias.com\/index.php\/2022\/06\/18\/finalmente-hubo-asamblea-en-el-fortin-y-asumio-leandro-lanceta\/","title":{"rendered":"Finalmente hubo Asamblea en El Fort\u00edn y asumi\u00f3 Leandro Lanceta"},"content":{"rendered":"<p>Hubo varias idas y vueltas, muchos entredichos, acusaciones cruzadas y finalmente una sola lista, pero este s\u00e1bado en horas del mediod\u00eda se realiz\u00f3 la Asamblea Anual Ordinaria del Club Social y Deportivo El Fort\u00edn donde asumi\u00f3 Leandro Lanceta.<\/p>\n<p>&nbsp;<\/p>\n<p>En el segundo llamado de la jornada y ante alrededor de 50 socios \u201cFortineros\u201d se realiz\u00f3 la Asamblea Anual Ordinaria sin la posibilidad de realizarse elecciones ya que no fue aprobada la Lista \u201cAzul y Blanca\u201d por la \u201cno presentaci\u00f3n de un apoderado\u201d.<\/p>\n<p>&nbsp;<\/p>\n<p>Se aprobaron las Memorias y Balances de los \u00faltimos a\u00f1os de la entidad emblem\u00e1tica del barrio Luj\u00e1n, no sin antes producirse un intenso debate entre los socios que deriv\u00f3 que cada punto puesto en consideraci\u00f3n sea decidido con el voto a mano alzada de los presentes.<\/p>\n<p>&nbsp;<\/p>\n<p><img data-recalc-dims=\"1\" loading=\"lazy\" decoding=\"async\" class=\"alignnone size-full wp-image-18066\" src=\"https:\/\/i0.wp.com\/centraldeportes.com.ar\/wp-content\/uploads\/2022\/06\/asamblea-fortin_3.jpg?resize=800%2C533\" alt=\"\" width=\"800\" height=\"533\" \/><\/p>\n<p>&nbsp;<\/p>\n<p>Aprobado los registros desde el a\u00f1o 2018 en adelante, se definieron los nuevos dirigentes de la instituci\u00f3n surgidos de la Lista &#8220;Renovaci\u00f3n y Uni\u00f3n Fortinera\u201d, cuyo candidato a presidente es Leandro Lanceta.<\/p>\n<p>&nbsp;<\/p>\n<p>El Director de Licencias de Conducir de la Municipalidad que ser\u00e1 el presidente de El Fort\u00edn por los pr\u00f3ximos dos a\u00f1os, fue aplaudido por todos los presentes y saludado tambi\u00e9n por los integrantes de la oposici\u00f3n a los cuales invit\u00f3 a sumarse para trabajar en la unidad de El Fort\u00edn.<\/p>\n<p>&nbsp;<\/p>\n<p>La lista completa de la nueva Comisi\u00f3n Directiva es:<\/p>\n<p>Presidente: Leandro Lanceta<\/p>\n<p>Vicepresidente: Carlos Veneciano<\/p>\n<p>Vocales: Eduardo \u201cChumo\u201d Arouxet, Carlos P\u00e9rez (subcomisi\u00f3n de baile), Elsa Lafasi (subcomisi\u00f3n de b\u00e1squet), Leandro Carim\u00e1n (subcomisi\u00f3n f\u00fatbol formativo), M\u00f3nica Rivarola (subcomisi\u00f3n f\u00fatbol mayor), Hugo Godoy (subcomisi\u00f3n de tenis), Lucas Testa (subcomisi\u00f3n de rugby), Natalia Istillarte (subcomisi\u00f3n de pat\u00edn carrera), Oscar Prestipino, Jos\u00e9 Luis Cabrera y Ariel Cunioli.<\/p>\n","protected":false},"excerpt":{"rendered":"<p>Hubo varias idas y vueltas, muchos entredichos, acusaciones cruzadas y finalmente una sola lista, pero este s\u00e1bado en horas del<\/p>\n","protected":false},"author":96739694,"featured_media":149238,"comment_status":"closed","ping_status":"closed","sticky":false,"template":"","format":"standard","meta":{"_jetpack_memberships_contains_paid_content":false,"footnotes":""},"categories":[30,1],"tags":[],"class_list":["post-149236","post","type-post","status-publish","format-standard","has-post-thumbnail","hentry","category-polideportivo","category-portada"],"jetpack_featured_media_url":"https:\/\/i0.wp.com\/cdnoticias.com\/wp-content\/uploads\/2022\/06\/asamblea-fortin_4.jpg?fit=1280%2C853&ssl=1","jetpack_sharing_enabled":true,"_links":{"self":[{"href":"https:\/\/cdnoticias.com\/index.php\/wp-json\/wp\/v2\/posts\/149236","targetHints":{"allow":["GET"]}}],"collection":[{"href":"https:\/\/cdnoticias.com\/index.php\/wp-json\/wp\/v2\/posts"}],"about":[{"href":"https:\/\/cdnoticias.com\/index.php\/wp-json\/wp\/v2\/types\/post"}],"author":[{"embeddable":true,"href":"https:\/\/cdnoticias.com\/index.php\/wp-json\/wp\/v2\/users\/96739694"}],"replies":[{"embeddable":true,"href":"https:\/\/cdnoticias.com\/index.php\/wp-json\/wp\/v2\/comments?post=149236"}],"version-history":[{"count":0,"href":"https:\/\/cdnoticias.com\/index.php\/wp-json\/wp\/v2\/posts\/149236\/revisions"}],"wp:featuredmedia":[{"embeddable":true,"href":"https:\/\/cdnoticias.com\/index.php\/wp-json\/wp\/v2\/media\/149238"}],"wp:attachment":[{"href":"https:\/\/cdnoticias.com\/index.php\/wp-json\/wp\/v2\/media?parent=149236"}],"wp:term":[{"taxonomy":"category","embeddable":true,"href":"https:\/\/cdnoticias.com\/index.php\/wp-json\/wp\/v2\/categories?post=149236"},{"taxonomy":"post_tag","embeddable":true,"href":"https:\/\/cdnoticias.com\/index.php\/wp-json\/wp\/v2\/tags?post=149236"}],"curies":[{"name":"wp","href":"https:\/\/api.w.org\/{rel}","templated":true}]}}