{"id":149195,"date":"2022-06-16T18:00:55","date_gmt":"2022-06-16T21:00:55","guid":{"rendered":"http:\/\/centraldeportes.com.ar\/?p=17994"},"modified":"2022-06-16T18:00:55","modified_gmt":"2022-06-16T21:00:55","slug":"jugadores-del-bataraz-forman-parte-de-un-programa-de-desarrollo","status":"publish","type":"post","link":"https:\/\/cdnoticias.com\/index.php\/2022\/06\/16\/jugadores-del-bataraz-forman-parte-de-un-programa-de-desarrollo\/","title":{"rendered":"Jugadores del \u201cBataraz\u201d forman parte de un programa de desarrollo"},"content":{"rendered":"<p>Impulsado por la Confederaci\u00f3n Argentina de Handball, el pasado fin de semana en Chivilcoy 14 bataraces se presentaron a ser observados por diferentes profesionales.<!--more--><\/p>\n<hr \/>\n<p>La actividad es una apuesta in\u00e9dita para el handball argentino, que por primera vez tiene un programa de desarrollo con una mirada a largo plazo y sostenido econ\u00f3micamente por la propia Confederaci\u00f3n.<\/p>\n<p>&nbsp;<\/p>\n<p>Este a\u00f1o se realizar\u00e1 la Fase 1 del programa que se denomina como \u201cPresentaci\u00f3n\u201d. Se llevar\u00e1n a cabo concentraciones regionales y se pondr\u00e1 en marcha el Torneo Federal de Regiones en menores y cadetes como concentraci\u00f3n nacional.<\/p>\n<p>&nbsp;<\/p>\n<p>Este fin de semana en el Club Independiente de Chivilcoy se llev\u00f3 a cabo la primera concentraci\u00f3n de la As.Am.Bal, asociaci\u00f3n que pertenece a la regi\u00f3n Bonaerense y cont\u00f3 con 14 bataraces convocados en distintas categor\u00edas.<\/p>\n<p>&nbsp;<\/p>\n<p>Viajaron a Chivilcoy:<\/p>\n<p>Menores Masculino:<\/p>\n<p>Joaqu\u00edn Echeverr\u00eda<\/p>\n<p>Francisco Sim\u00f3n<\/p>\n<p>Ferm\u00edn Lalanne<\/p>\n<p>Cadetes Masculino:<\/p>\n<p>Ulises Pagano<\/p>\n<p>Jos\u00e9 Ignacio Rull<\/p>\n<p>Joaqu\u00edn Moyano<\/p>\n<p>Francisco Ferraro<\/p>\n<p>Lautaro Nielsen<\/p>\n<p>Cadetes Femenino:<\/p>\n<p>Martina Scuffi<\/p>\n<p>Emilia Cantori<\/p>\n<p>Bel\u00e9n C\u00f3rdoba<\/p>\n<p>Menores Femenino:<\/p>\n<p>Uma Gonz\u00e1lez Bosque<\/p>\n<p>Trinidad Caj\u00e9n<\/p>\n<p>Roc\u00edo del Valle<\/p>\n<p>&nbsp;<\/p>\n","protected":false},"excerpt":{"rendered":"<p>Impulsado por la Confederaci\u00f3n Argentina de Handball, el pasado fin de semana en Chivilcoy 14 bataraces se presentaron a ser<\/p>\n","protected":false},"author":96739694,"featured_media":149196,"comment_status":"closed","ping_status":"closed","sticky":false,"template":"","format":"standard","meta":{"_jetpack_memberships_contains_paid_content":false,"footnotes":""},"categories":[30,1],"tags":[],"class_list":["post-149195","post","type-post","status-publish","format-standard","has-post-thumbnail","hentry","category-polideportivo","category-portada"],"jetpack_featured_media_url":"https:\/\/i0.wp.com\/cdnoticias.com\/wp-content\/uploads\/2022\/06\/WhatsApp-Image-2022-06-16-at-5.49.29-PM-e1655413243191.jpeg?fit=660%2C445&ssl=1","jetpack_sharing_enabled":true,"_links":{"self":[{"href":"https:\/\/cdnoticias.com\/index.php\/wp-json\/wp\/v2\/posts\/149195","targetHints":{"allow":["GET"]}}],"collection":[{"href":"https:\/\/cdnoticias.com\/index.php\/wp-json\/wp\/v2\/posts"}],"about":[{"href":"https:\/\/cdnoticias.com\/index.php\/wp-json\/wp\/v2\/types\/post"}],"author":[{"embeddable":true,"href":"https:\/\/cdnoticias.com\/index.php\/wp-json\/wp\/v2\/users\/96739694"}],"replies":[{"embeddable":true,"href":"https:\/\/cdnoticias.com\/index.php\/wp-json\/wp\/v2\/comments?post=149195"}],"version-history":[{"count":0,"href":"https:\/\/cdnoticias.com\/index.php\/wp-json\/wp\/v2\/posts\/149195\/revisions"}],"wp:featuredmedia":[{"embeddable":true,"href":"https:\/\/cdnoticias.com\/index.php\/wp-json\/wp\/v2\/media\/149196"}],"wp:attachment":[{"href":"https:\/\/cdnoticias.com\/index.php\/wp-json\/wp\/v2\/media?parent=149195"}],"wp:term":[{"taxonomy":"category","embeddable":true,"href":"https:\/\/cdnoticias.com\/index.php\/wp-json\/wp\/v2\/categories?post=149195"},{"taxonomy":"post_tag","embeddable":true,"href":"https:\/\/cdnoticias.com\/index.php\/wp-json\/wp\/v2\/tags?post=149195"}],"curies":[{"name":"wp","href":"https:\/\/api.w.org\/{rel}","templated":true}]}}