{"id":149149,"date":"2022-09-20T20:15:43","date_gmt":"2022-09-20T23:15:43","guid":{"rendered":"http:\/\/centraldeportes.com.ar\/?p=23392"},"modified":"2022-09-20T20:15:43","modified_gmt":"2022-09-20T23:15:43","slug":"titulo-para-teo-gamondi-e-ignacio-archieri-en-el-future-varlion","status":"publish","type":"post","link":"https:\/\/cdnoticias.com\/index.php\/2022\/09\/20\/titulo-para-teo-gamondi-e-ignacio-archieri-en-el-future-varlion\/","title":{"rendered":"T\u00edtulo para Teo Gamondi e Ignacio Archieri en el Future Varlion"},"content":{"rendered":"<p>Teo Gamondi e Ignacio Archieri, participaron del Future Varlion de la Asociaci\u00f3n de P\u00e1del de Argentina y lograron quedarse con el t\u00edtulo.<!--more--><\/p>\n<hr \/>\n<p>El pasado fin de semana se llev\u00f3 a cabo en C\u00f3rdoba la primera fecha del APA Future Varlion y hubo podio para un representante olavarriense.<\/p>\n<p>&nbsp;<\/p>\n<p>La competencia otorga clasificaciones al M\u00e1ster de Menores Sudamericano que tendr\u00e1 lugar en M\u00e9xico para cerrar la temporada y en la primera fecha, Gamondi y Archieri participaron en la categor\u00eda Sub16.<\/p>\n<p>&nbsp;<\/p>\n<p>Dentro de la categor\u00eda A, el olavarriense y su compa\u00f1ero derrotaron a Verna y Rivero en la definici\u00f3n.<\/p>\n","protected":false},"excerpt":{"rendered":"<p>Teo Gamondi e Ignacio Archieri, participaron del Future Varlion de la Asociaci\u00f3n de P\u00e1del de Argentina y lograron quedarse con<\/p>\n","protected":false},"author":96739694,"featured_media":149150,"comment_status":"closed","ping_status":"closed","sticky":false,"template":"","format":"standard","meta":{"_jetpack_memberships_contains_paid_content":false,"footnotes":""},"categories":[30,1],"tags":[],"class_list":["post-149149","post","type-post","status-publish","format-standard","has-post-thumbnail","hentry","category-polideportivo","category-portada"],"jetpack_featured_media_url":"https:\/\/i0.wp.com\/cdnoticias.com\/wp-content\/uploads\/2022\/09\/WhatsApp-Image-2022-09-20-at-20.01.26.jpeg?fit=710%2C487&ssl=1","jetpack_sharing_enabled":true,"_links":{"self":[{"href":"https:\/\/cdnoticias.com\/index.php\/wp-json\/wp\/v2\/posts\/149149","targetHints":{"allow":["GET"]}}],"collection":[{"href":"https:\/\/cdnoticias.com\/index.php\/wp-json\/wp\/v2\/posts"}],"about":[{"href":"https:\/\/cdnoticias.com\/index.php\/wp-json\/wp\/v2\/types\/post"}],"author":[{"embeddable":true,"href":"https:\/\/cdnoticias.com\/index.php\/wp-json\/wp\/v2\/users\/96739694"}],"replies":[{"embeddable":true,"href":"https:\/\/cdnoticias.com\/index.php\/wp-json\/wp\/v2\/comments?post=149149"}],"version-history":[{"count":0,"href":"https:\/\/cdnoticias.com\/index.php\/wp-json\/wp\/v2\/posts\/149149\/revisions"}],"wp:featuredmedia":[{"embeddable":true,"href":"https:\/\/cdnoticias.com\/index.php\/wp-json\/wp\/v2\/media\/149150"}],"wp:attachment":[{"href":"https:\/\/cdnoticias.com\/index.php\/wp-json\/wp\/v2\/media?parent=149149"}],"wp:term":[{"taxonomy":"category","embeddable":true,"href":"https:\/\/cdnoticias.com\/index.php\/wp-json\/wp\/v2\/categories?post=149149"},{"taxonomy":"post_tag","embeddable":true,"href":"https:\/\/cdnoticias.com\/index.php\/wp-json\/wp\/v2\/tags?post=149149"}],"curies":[{"name":"wp","href":"https:\/\/api.w.org\/{rel}","templated":true}]}}