{"id":149131,"date":"2022-09-18T23:01:45","date_gmt":"2022-09-19T02:01:45","guid":{"rendered":"http:\/\/centraldeportes.com.ar\/?p=23342"},"modified":"2022-09-18T23:01:45","modified_gmt":"2022-09-19T02:01:45","slug":"santiago-tambucci-volvio-a-lucir-el-uno-en-el-podio-del-turismo-pista","status":"publish","type":"post","link":"https:\/\/cdnoticias.com\/index.php\/2022\/09\/18\/santiago-tambucci-volvio-a-lucir-el-uno-en-el-podio-del-turismo-pista\/","title":{"rendered":"Santiago Tambucci volvi\u00f3 a lucir el &#8220;uno&#8221; en el podio del Turismo Pista"},"content":{"rendered":"<p>El piloto de Sierras Bayas fue segundo en la final de la Clase 2, regres\u00f3 a la senda de los buenos resultados y contin\u00faa demostrando porqu\u00e9 es el campe\u00f3n. Buen regreso para Nicol\u00e1s Rojas que arrib\u00f3 18\u00b0 en esta final. Herrera tuvo revancha y fue 23\u00b0, mientras que Meli\u00e1n no pudo ser parte de la final de la Clase 3. Y en la Clase 1, Diego Valisi abandon\u00f3 en el final.<!--more--><\/p>\n<hr \/>\n<p>Nutrida presencia local en el &#8220;G\u00e1lvez&#8221; de Buenos Aires, escenario de la octava fecha del Turismo Pista, pero la suerte fue\u00a0 dispar para los olavarrienses.<\/p>\n<p>&nbsp;<\/p>\n<p>La Clase 1 abri\u00f3 el juego en la ma\u00f1ana del domingo, y all\u00ed fue protagonista Diego Valisi con el Fiat Uno. Luego de luchar toda la final entre el puesto 20 y 30, termin\u00f3 abandonando a poco del final. La victoria en la menor fue para Franco Villabrile, seguido de Adri\u00e1n Oubi\u00f1a y Miguel Cangelaro.<\/p>\n<p>&nbsp;<\/p>\n<p>Luego lleg\u00f3 el turno de la Clase 2 y nadie pudo con Cristian Garbiglia, que se mantuvo firme adelante pese a los intentos de Lantella que lo segu\u00eda expectante. En otra historia se manten\u00eda Santiago Tambucci que tras una gran inicio pudo ubicarse tercero pero sin chances de buscar a los punteros.<\/p>\n<p>&nbsp;<\/p>\n<p>Lleg\u00f3 la parte final y problemas en el escolta le permitieron a Tambucci saltar al segundo lugar, mientras Garbiglia llegaba primero a la bandera a cuadros y el de Olavarr\u00eda volv\u00eda poner el Celta en el podio. M\u00e1ximo Gauchat complet\u00f3 el podio.<\/p>\n<p>&nbsp;<\/p>\n<p>Buena labor para Nicol\u00e1s Rojas que regres\u00f3 a la categor\u00eda con un Ford Ka y pudo avanzar hasta el puesto 18\u00b0 luego de partir desde el trig\u00e9simo primer lugar.<\/p>\n<p>&nbsp;<\/p>\n<p>El s\u00e1bado se disputaron las series de la Clase 3 y en la tercer bater\u00eda se produjo el abandono de Agust\u00edn Herrera y Gabriel Meli\u00e1n, por lo que ambos se quedaban sin final por no ingresar entre los 45 protagonistas que integraban la grilla de este domingo. Pero la baja de un protagonista le permiti\u00f3 a Herrera tener revancha y ser parte. Desde el \u00faltimo lugar pudo hacer una buena carrera para avanzar hasta el 23\u00b0 lugar. Mauro Salvi se llev\u00f3 el triunfo de la mayor, seguido por Renzo Cerreti y Thiago Mart\u00ednez.<\/p>\n<p>&nbsp;<\/p>\n\n<p>&nbsp;<\/p>\n<p>El pr\u00f3ximo compromiso ser\u00e1 en la provincia de Entre R\u00edos, en el aut\u00f3dromo de Concepci\u00f3n del Uruguay, el 30 de octubre.<\/p>\n","protected":false},"excerpt":{"rendered":"<p>El piloto de Sierras Bayas fue segundo en la final de la Clase 2, regres\u00f3 a la senda de los<\/p>\n","protected":false},"author":96739694,"featured_media":149134,"comment_status":"closed","ping_status":"closed","sticky":false,"template":"","format":"standard","meta":{"_jetpack_memberships_contains_paid_content":false,"footnotes":""},"categories":[34,1,49],"tags":[],"class_list":["post-149131","post","type-post","status-publish","format-standard","has-post-thumbnail","hentry","category-automovilismo","category-portada","category-turismo-pista"],"jetpack_featured_media_url":"https:\/\/i0.wp.com\/cdnoticias.com\/wp-content\/uploads\/2022\/09\/WhatsApp-Image-2022-09-18-at-21.31.34.jpeg?fit=1250%2C830&ssl=1","jetpack_sharing_enabled":true,"_links":{"self":[{"href":"https:\/\/cdnoticias.com\/index.php\/wp-json\/wp\/v2\/posts\/149131","targetHints":{"allow":["GET"]}}],"collection":[{"href":"https:\/\/cdnoticias.com\/index.php\/wp-json\/wp\/v2\/posts"}],"about":[{"href":"https:\/\/cdnoticias.com\/index.php\/wp-json\/wp\/v2\/types\/post"}],"author":[{"embeddable":true,"href":"https:\/\/cdnoticias.com\/index.php\/wp-json\/wp\/v2\/users\/96739694"}],"replies":[{"embeddable":true,"href":"https:\/\/cdnoticias.com\/index.php\/wp-json\/wp\/v2\/comments?post=149131"}],"version-history":[{"count":0,"href":"https:\/\/cdnoticias.com\/index.php\/wp-json\/wp\/v2\/posts\/149131\/revisions"}],"wp:featuredmedia":[{"embeddable":true,"href":"https:\/\/cdnoticias.com\/index.php\/wp-json\/wp\/v2\/media\/149134"}],"wp:attachment":[{"href":"https:\/\/cdnoticias.com\/index.php\/wp-json\/wp\/v2\/media?parent=149131"}],"wp:term":[{"taxonomy":"category","embeddable":true,"href":"https:\/\/cdnoticias.com\/index.php\/wp-json\/wp\/v2\/categories?post=149131"},{"taxonomy":"post_tag","embeddable":true,"href":"https:\/\/cdnoticias.com\/index.php\/wp-json\/wp\/v2\/tags?post=149131"}],"curies":[{"name":"wp","href":"https:\/\/api.w.org\/{rel}","templated":true}]}}