{"id":149122,"date":"2022-09-19T12:24:41","date_gmt":"2022-09-19T15:24:41","guid":{"rendered":"http:\/\/centraldeportes.com.ar\/?p=23324"},"modified":"2022-09-19T12:24:41","modified_gmt":"2022-09-19T15:24:41","slug":"distinguieron-a-cristian-arce-por-sus-150-partidos","status":"publish","type":"post","link":"https:\/\/cdnoticias.com\/index.php\/2022\/09\/19\/distinguieron-a-cristian-arce-por-sus-150-partidos\/","title":{"rendered":"Distinguieron a Cristian Arce por sus 150 partidos"},"content":{"rendered":"<p>En el partido destacado de la 8\u00b0 fecha del Torneo Apertura \u201cHermanos Di Buono\u201d, Cristian Arce dirigi\u00f3 su 150\u00b0 partido en Primera Divisi\u00f3n y recibi\u00f3 una distinci\u00f3n por parte de la Liga de F\u00fatbol de Olavarr\u00eda.<!--more--><\/p>\n<hr \/>\n<p>Embajadores y Ferro no se sacaron ventajas en el duelo del mediod\u00eda del domingo, pero adem\u00e1s de registrarse la primera p\u00e9rdida de puntos del CEO en el certamen, hubo distinci\u00f3n para uno de los jueces que logr\u00f3 una interesante marca.<\/p>\n<p>&nbsp;<\/p>\n<p>El representante de la Asociaci\u00f3n de \u00c1rbitros de Olavarr\u00eda sum\u00f3 su 150\u00b0 partido en su carrera en la m\u00e1xima categor\u00eda del f\u00fatbol\u00a0 olavarriense y en un \u00e1spero partido expuls\u00f3 a 4 protagonistas.<\/p>\n<p>&nbsp;<\/p>\n<p>Arce, que estuvo acompa\u00f1ado por su familia, recibi\u00f3 un diploma por parte de las autoridades de la Liga de F\u00fatbol de Olavarr\u00eda.<\/p>\n","protected":false},"excerpt":{"rendered":"<p>En el partido destacado de la 8\u00b0 fecha del Torneo Apertura \u201cHermanos Di Buono\u201d, Cristian Arce dirigi\u00f3 su 150\u00b0 partido<\/p>\n","protected":false},"author":96739694,"featured_media":149123,"comment_status":"closed","ping_status":"closed","sticky":false,"template":"","format":"standard","meta":{"_jetpack_memberships_contains_paid_content":false,"footnotes":""},"categories":[35,1,41],"tags":[],"class_list":["post-149122","post","type-post","status-publish","format-standard","has-post-thumbnail","hentry","category-futbol","category-portada","category-primera-y-reserva"],"jetpack_featured_media_url":"https:\/\/i0.wp.com\/cdnoticias.com\/wp-content\/uploads\/2022\/09\/arbitros-3.jpeg?fit=1600%2C1067&ssl=1","jetpack_sharing_enabled":true,"_links":{"self":[{"href":"https:\/\/cdnoticias.com\/index.php\/wp-json\/wp\/v2\/posts\/149122","targetHints":{"allow":["GET"]}}],"collection":[{"href":"https:\/\/cdnoticias.com\/index.php\/wp-json\/wp\/v2\/posts"}],"about":[{"href":"https:\/\/cdnoticias.com\/index.php\/wp-json\/wp\/v2\/types\/post"}],"author":[{"embeddable":true,"href":"https:\/\/cdnoticias.com\/index.php\/wp-json\/wp\/v2\/users\/96739694"}],"replies":[{"embeddable":true,"href":"https:\/\/cdnoticias.com\/index.php\/wp-json\/wp\/v2\/comments?post=149122"}],"version-history":[{"count":0,"href":"https:\/\/cdnoticias.com\/index.php\/wp-json\/wp\/v2\/posts\/149122\/revisions"}],"wp:featuredmedia":[{"embeddable":true,"href":"https:\/\/cdnoticias.com\/index.php\/wp-json\/wp\/v2\/media\/149123"}],"wp:attachment":[{"href":"https:\/\/cdnoticias.com\/index.php\/wp-json\/wp\/v2\/media?parent=149122"}],"wp:term":[{"taxonomy":"category","embeddable":true,"href":"https:\/\/cdnoticias.com\/index.php\/wp-json\/wp\/v2\/categories?post=149122"},{"taxonomy":"post_tag","embeddable":true,"href":"https:\/\/cdnoticias.com\/index.php\/wp-json\/wp\/v2\/tags?post=149122"}],"curies":[{"name":"wp","href":"https:\/\/api.w.org\/{rel}","templated":true}]}}