{"id":149114,"date":"2022-06-16T14:43:02","date_gmt":"2022-06-16T17:43:02","guid":{"rendered":"http:\/\/centraldeportes.com.ar\/?p=17980"},"modified":"2022-06-16T14:43:02","modified_gmt":"2022-06-16T17:43:02","slug":"bonaerenses-2022-mas-definiciones-de-cara-a-la-etapa-regional","status":"publish","type":"post","link":"https:\/\/cdnoticias.com\/index.php\/2022\/06\/16\/bonaerenses-2022-mas-definiciones-de-cara-a-la-etapa-regional\/","title":{"rendered":"Bonaerenses 2022: M\u00e1s definiciones de cara a la etapa regional"},"content":{"rendered":"<p>No se detiene la actividad enmarcada en la etapa local de los Juegos Bonaerenses 2022, que este a\u00f1o tienen la particularidad de retornar a la presencialidad, con una etapa final pautada en Mar del Plata durante la primera semana de octubre.<\/p>\n<p><!--more--><\/p>\n<hr \/>\n<p>Desde la Subsecretar\u00eda de Deportes y Recreaci\u00f3n de la Municipalidad de Olavarr\u00eda, desde donde se coordina y supervisa la actividad, se inform\u00f3 que durante el transcurso de los \u00faltimos d\u00edas se conocieron nuevos clasificados a la instancia regional, que comenzar\u00e1 a desarrollarse en las pr\u00f3ximas semanas.<\/p>\n<p>&nbsp;<\/p>\n<p>En ese sentido en F\u00fatbol 11 Escolar Sub18 la victoria fue para la Escuela Secundaria 6, que en la final\u00a0derrot\u00f3 por penales al representativo de C\u00e1neva. Las restantes categor\u00edas a\u00fan se encuentran en plena competencia y los partidos decisivos se jugar\u00e1n pr\u00f3ximamente.<\/p>\n<p>&nbsp;<\/p>\n<p>En P\u00e1del clasificaron a la etapa regional en Categor\u00eda Sub16 Masculino Teo Gamondi y Mateo Conte, a la par que en Categor\u00eda Sub18 el pase a la siguiente fase fue para Lautaro Acevedo y Sim\u00f3n Acosta. En la Categor\u00eda Universitaria Masculina se impusieron Rodrigo Peralta y Kevin Mac Intyre, mientras que en personas adultas mayores la victoria en la rama masculina fue para Jos\u00e9 Armendano y Alberto Blando y en femenino para Mar\u00eda Etula\u00edn y M\u00f3nica Conte.<\/p>\n<p>&nbsp;<\/p>\n<p>En Tenis de Mesa tambi\u00e9n hubo definiciones. Franco Crimaldi fue el vencedor en Sub18, mientras que Ra\u00fal Merlos y Marta Da Silva se quedaron la etapa local en personas adultas mayores. A la par, ya se conocen tambi\u00e9n los representantes en personas con discapacidad: Claudio Varela en +19 y Ezequiel Medina en Sub18.<\/p>\n<p>&nbsp;<\/p>\n<p>En personas adultas mayores tambi\u00e9n se defini\u00f3 la actividad en Truco con victoria para la pareja integrada Omar Laplace y Mar\u00eda Haydee S\u00e1nchez.<\/p>\n<p>&nbsp;<\/p>\n<p>A la par, en coreograf\u00eda pop accedi\u00f3 a la instancia regional el equipo liderado por la profesora Marianela Batalla e integrado por Mujica, Costanzo, Polijronos, Angelleti, Carrera, D\u00edaz y San Juli\u00e1n. En Orientaci\u00f3n Julio Cesar Barcelona y C\u00e9sar Di Bello C\u00e9sar fueron los vencedores en la rama masculina, mientras que Amelia Garmendia y Carmen Real hicieron lo propio entre las mujeres.<\/p>\n<p>&nbsp;<\/p>\n<p>Por \u00faltimo, desde el \u00e1rea de Adultos Mayores de la Subsecretar\u00eda de Deportes y Recreaci\u00f3n se inform\u00f3 que fue postergada la competencia de Burako que estaba pautada para la jornada de este jueves. La nueva fecha se dar\u00e1 a conocer en los pr\u00f3ximos d\u00edas.<\/p>\n","protected":false},"excerpt":{"rendered":"<p>No se detiene la actividad enmarcada en la etapa local de los Juegos Bonaerenses 2022, que este a\u00f1o tienen la<\/p>\n","protected":false},"author":96739694,"featured_media":149115,"comment_status":"closed","ping_status":"closed","sticky":false,"template":"","format":"standard","meta":{"_jetpack_memberships_contains_paid_content":false,"footnotes":""},"categories":[30,1],"tags":[],"class_list":["post-149114","post","type-post","status-publish","format-standard","has-post-thumbnail","hentry","category-polideportivo","category-portada"],"jetpack_featured_media_url":"https:\/\/i0.wp.com\/cdnoticias.com\/wp-content\/uploads\/2022\/06\/Deportes-Bonaerenses-5-2.jpg?fit=1772%2C1181&ssl=1","jetpack_sharing_enabled":true,"_links":{"self":[{"href":"https:\/\/cdnoticias.com\/index.php\/wp-json\/wp\/v2\/posts\/149114","targetHints":{"allow":["GET"]}}],"collection":[{"href":"https:\/\/cdnoticias.com\/index.php\/wp-json\/wp\/v2\/posts"}],"about":[{"href":"https:\/\/cdnoticias.com\/index.php\/wp-json\/wp\/v2\/types\/post"}],"author":[{"embeddable":true,"href":"https:\/\/cdnoticias.com\/index.php\/wp-json\/wp\/v2\/users\/96739694"}],"replies":[{"embeddable":true,"href":"https:\/\/cdnoticias.com\/index.php\/wp-json\/wp\/v2\/comments?post=149114"}],"version-history":[{"count":0,"href":"https:\/\/cdnoticias.com\/index.php\/wp-json\/wp\/v2\/posts\/149114\/revisions"}],"wp:featuredmedia":[{"embeddable":true,"href":"https:\/\/cdnoticias.com\/index.php\/wp-json\/wp\/v2\/media\/149115"}],"wp:attachment":[{"href":"https:\/\/cdnoticias.com\/index.php\/wp-json\/wp\/v2\/media?parent=149114"}],"wp:term":[{"taxonomy":"category","embeddable":true,"href":"https:\/\/cdnoticias.com\/index.php\/wp-json\/wp\/v2\/categories?post=149114"},{"taxonomy":"post_tag","embeddable":true,"href":"https:\/\/cdnoticias.com\/index.php\/wp-json\/wp\/v2\/tags?post=149114"}],"curies":[{"name":"wp","href":"https:\/\/api.w.org\/{rel}","templated":true}]}}