{"id":149068,"date":"2022-09-18T19:34:56","date_gmt":"2022-09-18T22:34:56","guid":{"rendered":"http:\/\/centraldeportes.com.ar\/?p=23312"},"modified":"2022-09-18T19:34:56","modified_gmt":"2022-09-18T22:34:56","slug":"puesto-27-para-alejandro-weimann-en-el-tcp","status":"publish","type":"post","link":"https:\/\/cdnoticias.com\/index.php\/2022\/09\/18\/puesto-27-para-alejandro-weimann-en-el-tcp\/","title":{"rendered":"Puesto 27\u00b0 para Alejandro Weimann en el TCP"},"content":{"rendered":"<p>El olavarriense estuvo presente en San Lu\u00eds, escenario de la und\u00e9cima fecha del campeonato. Otto Fritzler se qued\u00f3 con la victoria en esta apertura de la Copa de Plata.<\/p>\n<p><!--more--><\/p>\n<hr \/>\n<p>El Turismo Carretera y el TC Pista llegaron al &#8220;Rosendo Hern\u00e1ndez&#8221; de San Lu\u00eds para disputar la primera fecha de la Copa de Plata, y Otto Fritzler se qued\u00f3 con una victoria clave para la definici\u00f3n del campeonato.<\/p>\n<p>&nbsp;<\/p>\n<p>El piloto del Moriatis Competici\u00f3n comenz\u00f3 desde la segunda fila, expectante por lo que hacian Santiago \u00c1lvarez y Diego Azar que partieron desde la primera fila de la grilla.<\/p>\n<p>&nbsp;<\/p>\n<p>En el octavo giro pudo dar cuenta del segundo y fue a la caza del puntero. En el giro 14, cuando la pista estaba a\u00fan m\u00e1s complicada por la lluvia pudo dar cuenta de \u00c1lvarez para convertirse en el nuevo puntero y a la postre, ganador.<\/p>\n<p>Segundo finalmente fue Santiago \u00c1lvarez y tercero Jerem\u00edas Olmedo.<\/p>\n<p>&nbsp;<\/p>\n<p>Para Alejandro Weimann no fue la carrera ideal pero al menos pudo completar el total de giros y ver la bandera a cuadros. Tr\u00e1s clasificar 28\u00b0, arrib\u00f3 en el 15\u00b0 en la serie y pudo completar la final en el 28\u00b0 lugar.<\/p>\n<p>&nbsp;<\/p>\n<p>La pr\u00f3xima fecha ser\u00e1 el 9 de Octubre en Comodoro Rivadavia.<\/p>\n","protected":false},"excerpt":{"rendered":"<p>El olavarriense estuvo presente en San Lu\u00eds, escenario de la und\u00e9cima fecha del campeonato. Otto Fritzler se qued\u00f3 con la<\/p>\n","protected":false},"author":96739694,"featured_media":149069,"comment_status":"closed","ping_status":"closed","sticky":false,"template":"","format":"standard","meta":{"_jetpack_memberships_contains_paid_content":false,"footnotes":""},"categories":[34,1,48],"tags":[],"class_list":["post-149068","post","type-post","status-publish","format-standard","has-post-thumbnail","hentry","category-automovilismo","category-portada","category-tc-pista"],"jetpack_featured_media_url":"https:\/\/i0.wp.com\/cdnoticias.com\/wp-content\/uploads\/2022\/09\/WhatsApp-Image-2022-09-18-at-19.28.55.jpeg?fit=1080%2C662&ssl=1","jetpack_sharing_enabled":true,"_links":{"self":[{"href":"https:\/\/cdnoticias.com\/index.php\/wp-json\/wp\/v2\/posts\/149068","targetHints":{"allow":["GET"]}}],"collection":[{"href":"https:\/\/cdnoticias.com\/index.php\/wp-json\/wp\/v2\/posts"}],"about":[{"href":"https:\/\/cdnoticias.com\/index.php\/wp-json\/wp\/v2\/types\/post"}],"author":[{"embeddable":true,"href":"https:\/\/cdnoticias.com\/index.php\/wp-json\/wp\/v2\/users\/96739694"}],"replies":[{"embeddable":true,"href":"https:\/\/cdnoticias.com\/index.php\/wp-json\/wp\/v2\/comments?post=149068"}],"version-history":[{"count":0,"href":"https:\/\/cdnoticias.com\/index.php\/wp-json\/wp\/v2\/posts\/149068\/revisions"}],"wp:featuredmedia":[{"embeddable":true,"href":"https:\/\/cdnoticias.com\/index.php\/wp-json\/wp\/v2\/media\/149069"}],"wp:attachment":[{"href":"https:\/\/cdnoticias.com\/index.php\/wp-json\/wp\/v2\/media?parent=149068"}],"wp:term":[{"taxonomy":"category","embeddable":true,"href":"https:\/\/cdnoticias.com\/index.php\/wp-json\/wp\/v2\/categories?post=149068"},{"taxonomy":"post_tag","embeddable":true,"href":"https:\/\/cdnoticias.com\/index.php\/wp-json\/wp\/v2\/tags?post=149068"}],"curies":[{"name":"wp","href":"https:\/\/api.w.org\/{rel}","templated":true}]}}