{"id":149022,"date":"2022-09-17T17:59:29","date_gmt":"2022-09-17T20:59:29","guid":{"rendered":"http:\/\/centraldeportes.com.ar\/?p=23208"},"modified":"2022-09-17T17:59:29","modified_gmt":"2022-09-17T20:59:29","slug":"federico-geraghty-entramos-desconcentrados-al-ultimo-cuarto-y-no-lo-pudimos-cerrar","status":"publish","type":"post","link":"https:\/\/cdnoticias.com\/index.php\/2022\/09\/17\/federico-geraghty-entramos-desconcentrados-al-ultimo-cuarto-y-no-lo-pudimos-cerrar\/","title":{"rendered":"Federico Geraghty: \u201cEntramos desconcentrados al \u00faltimo cuarto y no lo pudimos cerrar\u201d"},"content":{"rendered":"<p>Luego de la sorpresiva derrota ante Olimpo en el \u201cMaxi\u201d, el jugador de Estudiantes habl\u00f3 con la prensa y brind\u00f3 sus sensaciones de lo ocurrido.<!--more--><\/p>\n<hr \/>\n<p>En la noche del pasado viernes, por la 4\u00b0 fecha de la Regi\u00f3n CAB 4 del Torneo Pre-Federal,<a href=\"https:\/\/cdnoticias.com\/estudiantes-no-pudo-sostener-la-ventaja-y-lo-pago-caro-sobre-el-final\/\"> el \u201cBata\u201d sufri\u00f3 otra derrota de local<\/a> y sigue sin poder festejar en su casa. <strong>Esta vez fue ante Olimpo de Bah\u00eda Blanca, que remont\u00f3 un resultado adverso por m\u00e1s de 20 unidades y se impuso por 83 a 81 casi sobre el final del encuentro<\/strong>. Luego de lo sucedido, <strong>Federico Geraghty<\/strong> brind\u00f3 sus declaraciones ante la prensa.<\/p>\n<p>&nbsp;<\/p>\n<p>\u201c<em><strong>Entramos muy desconcentrados y quiz\u00e1 relajados al \u00faltimo cuarto por la diferencia que hab\u00edamos hecho<\/strong>\u201d<\/em>, sostuvo en primera instancia y m\u00e1s tarde agreg\u00f3: <em>\u201cEllos cambiaron la defensa a zona, nos complicaron y con el equipo suplente empezaron a achicar la diferencia. <strong>Nos quedamos pensando m\u00e1s en la ventaja que perdimos que jugar el \u00faltimo cuarto y no lo pudimos cerrar<\/strong>\u201d<\/em>, explic\u00f3.<\/p>\n<p>&nbsp;<\/p>\n<figure id=\"attachment_23166\" aria-describedby=\"caption-attachment-23166\" style=\"width: 1280px\" class=\"wp-caption aligncenter\"><img data-recalc-dims=\"1\" loading=\"lazy\" decoding=\"async\" class=\"wp-image-23166 size-full\" src=\"https:\/\/i0.wp.com\/centraldeportes.com.ar\/wp-content\/uploads\/2022\/09\/cae-olimpo-15.jpeg?resize=800%2C533\" alt=\"\" width=\"800\" height=\"533\" \/><figcaption id=\"caption-attachment-23166\" class=\"wp-caption-text\">A pesar de la ca\u00edda, Geraghty aport\u00f3 29 puntos, 3 rebotes y 4 asistencias para su equipo.<\/figcaption><\/figure>\n<p>&nbsp;<\/p>\n<p>Posteriormente, el alero \u201cBataraz\u201d hizo hincapi\u00e9 en el equipo que se arm\u00f3 para afrontar el Pre-Federal y afirm\u00f3 que <em>\u201c<strong>El equipo es bastante nuevo, llegu\u00e9 hace dos meses y si bien conoc\u00eda a los chicos no hab\u00edamos jugado juntos<\/strong>\u201d.<\/em> Luego, agreg\u00f3: <em>\u201cJugamos bastante bien ante un buen rival pero no lo pudimos cerrar, <strong>de a poco vamos a ir puliendo detalles para llegar de la mejor manera a la segunda ronda<\/strong>\u201d.<\/em><\/p>\n<p>&nbsp;<\/p>\n<blockquote><p><em>\u201cHay que cerrar la primera fase con una victoria y encarar la segunda vuelta haci\u00e9ndonos fuertes en casa\u201d.<\/em><\/p><\/blockquote>\n<p>&nbsp;<\/p>\n<p>\u201c<em>Tuvimos algunas bajas como la de \u201cPicci\u201d \u2013 Piccinelli \u2013 y \u201cSeba\u201d \u2013 Masson \u2013 que volvi\u00f3 con los minutos que puede\u201d<\/em>, recalc\u00f3 el Geraghty y continu\u00f3: \u201c<em><strong>Estamos intentando dar el 100%, el traj\u00edn del torneo local tambi\u00e9n nos sirve para conocernos aunque sin poner excusas eso tambi\u00e9n trae un desgaste<\/strong>\u201d<\/em>, concluy\u00f3.<\/p>\n","protected":false},"excerpt":{"rendered":"<p>Luego de la sorpresiva derrota ante Olimpo en el \u201cMaxi\u201d, el jugador de Estudiantes habl\u00f3 con la prensa y brind\u00f3<\/p>\n","protected":false},"author":96739694,"featured_media":149023,"comment_status":"closed","ping_status":"closed","sticky":false,"template":"","format":"standard","meta":{"_jetpack_memberships_contains_paid_content":false,"footnotes":""},"categories":[31,1,60],"tags":[],"class_list":["post-149022","post","type-post","status-publish","format-standard","has-post-thumbnail","hentry","category-basquet","category-portada","category-torneo-pre-federal"],"jetpack_featured_media_url":"https:\/\/i0.wp.com\/cdnoticias.com\/wp-content\/uploads\/2022\/09\/cae-olimpo-10.jpeg?fit=1280%2C853&ssl=1","jetpack_sharing_enabled":true,"_links":{"self":[{"href":"https:\/\/cdnoticias.com\/index.php\/wp-json\/wp\/v2\/posts\/149022","targetHints":{"allow":["GET"]}}],"collection":[{"href":"https:\/\/cdnoticias.com\/index.php\/wp-json\/wp\/v2\/posts"}],"about":[{"href":"https:\/\/cdnoticias.com\/index.php\/wp-json\/wp\/v2\/types\/post"}],"author":[{"embeddable":true,"href":"https:\/\/cdnoticias.com\/index.php\/wp-json\/wp\/v2\/users\/96739694"}],"replies":[{"embeddable":true,"href":"https:\/\/cdnoticias.com\/index.php\/wp-json\/wp\/v2\/comments?post=149022"}],"version-history":[{"count":0,"href":"https:\/\/cdnoticias.com\/index.php\/wp-json\/wp\/v2\/posts\/149022\/revisions"}],"wp:featuredmedia":[{"embeddable":true,"href":"https:\/\/cdnoticias.com\/index.php\/wp-json\/wp\/v2\/media\/149023"}],"wp:attachment":[{"href":"https:\/\/cdnoticias.com\/index.php\/wp-json\/wp\/v2\/media?parent=149022"}],"wp:term":[{"taxonomy":"category","embeddable":true,"href":"https:\/\/cdnoticias.com\/index.php\/wp-json\/wp\/v2\/categories?post=149022"},{"taxonomy":"post_tag","embeddable":true,"href":"https:\/\/cdnoticias.com\/index.php\/wp-json\/wp\/v2\/tags?post=149022"}],"curies":[{"name":"wp","href":"https:\/\/api.w.org\/{rel}","templated":true}]}}