{"id":148971,"date":"2022-09-16T15:15:36","date_gmt":"2022-09-16T18:15:36","guid":{"rendered":"http:\/\/centraldeportes.com.ar\/?p=23132"},"modified":"2022-09-16T15:15:36","modified_gmt":"2022-09-16T18:15:36","slug":"excelente-actuacion-de-francisco-correa-iguiniz-en-un-regional","status":"publish","type":"post","link":"https:\/\/cdnoticias.com\/index.php\/2022\/09\/16\/excelente-actuacion-de-francisco-correa-iguiniz-en-un-regional\/","title":{"rendered":"Excelente actuaci\u00f3n de Francisco Correa Igui\u00f1iz en un Regional"},"content":{"rendered":"<p>El joven tenista \u201calbinegro\u201d se destac\u00f3 durante la semana pasada hasta el s\u00e1bado en Caril\u00f3 en un nuevo Regional de Menores.<!--more--><\/p>\n<hr \/>\n<p>Francisco Correa Igui\u00f1iz fue semifinalista en Singles y finalista en Dobles junto a Tom\u00e1s Insanti en una nueva competencia regional que se llev\u00f3 a cabo en el transcurso de la semana.<\/p>\n<p>&nbsp;<\/p>\n<p>Los resultados:<\/p>\n<p>Singles &#8211; Semifinal:<\/p>\n<p>F. Correa Igui\u00f1iz vs Kevin Vena (4\/6 y 3\/6)<\/p>\n<p>Dobles &#8211; Final:<\/p>\n<p>F. Correa Igui\u00f1iz \u2013 T. Insanti vs Espinoza \u2013 Zarantonello (3\/6 y 3\/6)<\/p>\n","protected":false},"excerpt":{"rendered":"<p>El joven tenista \u201calbinegro\u201d se destac\u00f3 durante la semana pasada hasta el s\u00e1bado en Caril\u00f3 en un nuevo Regional de<\/p>\n","protected":false},"author":96739694,"featured_media":148884,"comment_status":"closed","ping_status":"closed","sticky":false,"template":"","format":"standard","meta":{"_jetpack_memberships_contains_paid_content":false,"footnotes":""},"categories":[30,1],"tags":[],"class_list":["post-148971","post","type-post","status-publish","format-standard","has-post-thumbnail","hentry","category-polideportivo","category-portada"],"jetpack_featured_media_url":"https:\/\/i0.wp.com\/cdnoticias.com\/wp-content\/uploads\/2022\/09\/WhatsApp-Image-2022-09-15-at-19.53.24.jpeg?fit=1279%2C753&ssl=1","jetpack_sharing_enabled":true,"_links":{"self":[{"href":"https:\/\/cdnoticias.com\/index.php\/wp-json\/wp\/v2\/posts\/148971","targetHints":{"allow":["GET"]}}],"collection":[{"href":"https:\/\/cdnoticias.com\/index.php\/wp-json\/wp\/v2\/posts"}],"about":[{"href":"https:\/\/cdnoticias.com\/index.php\/wp-json\/wp\/v2\/types\/post"}],"author":[{"embeddable":true,"href":"https:\/\/cdnoticias.com\/index.php\/wp-json\/wp\/v2\/users\/96739694"}],"replies":[{"embeddable":true,"href":"https:\/\/cdnoticias.com\/index.php\/wp-json\/wp\/v2\/comments?post=148971"}],"version-history":[{"count":0,"href":"https:\/\/cdnoticias.com\/index.php\/wp-json\/wp\/v2\/posts\/148971\/revisions"}],"wp:featuredmedia":[{"embeddable":true,"href":"https:\/\/cdnoticias.com\/index.php\/wp-json\/wp\/v2\/media\/148884"}],"wp:attachment":[{"href":"https:\/\/cdnoticias.com\/index.php\/wp-json\/wp\/v2\/media?parent=148971"}],"wp:term":[{"taxonomy":"category","embeddable":true,"href":"https:\/\/cdnoticias.com\/index.php\/wp-json\/wp\/v2\/categories?post=148971"},{"taxonomy":"post_tag","embeddable":true,"href":"https:\/\/cdnoticias.com\/index.php\/wp-json\/wp\/v2\/tags?post=148971"}],"curies":[{"name":"wp","href":"https:\/\/api.w.org\/{rel}","templated":true}]}}