{"id":14895,"date":"2021-02-27T17:23:01","date_gmt":"2021-02-27T20:23:01","guid":{"rendered":"http:\/\/www.centraldenoticias.com.ar\/?p=14895"},"modified":"2021-02-27T17:23:01","modified_gmt":"2021-02-27T20:23:01","slug":"nora-araceli-estaino-alvarez-viuda-de-lavat-q-e-p-d","status":"publish","type":"post","link":"https:\/\/cdnoticias.com\/index.php\/2021\/02\/27\/nora-araceli-estaino-alvarez-viuda-de-lavat-q-e-p-d\/","title":{"rendered":"Nora Araceli Estaino Alvarez viuda de Lavat (Q.E.P.D.)"},"content":{"rendered":"<p>Falleci\u00f3 en Olavarr\u00eda el d\u00eda 27 de Febrero de 2021 a los 83 a\u00f1os de edad. Sus hijas Araceli y Miriam, su hijo pol\u00edtico Eduardo Gregorini, sus nietos Santiago, Cecilia, Anabella y Camila Gregorini, sus bisnietos Agust\u00edn Gregorini; Martina y Alma Luis; Luc\u00eda Cardiello, sus nietos pol\u00edticos Nancy Ramirez, Juan Pablo Luis y Juan Jos\u00e9 Cardiello, sus cuidadoras Marcela, Mary y Fabiana y dem\u00e1s deudos participan su fallecimiento.<\/p>\n<p>&nbsp;<\/p>\n<p>Sus restos ser\u00e1n velados este domingo desde las 9.30 en la sala de Espa\u00f1a 2942, departamento B, y ser\u00e1n inhumados desde las 11.30 en el cementerio Loma de Paz. Servicio adherido a Coopelectric.<\/p>\n<p>&nbsp;<\/p>\n<p>Nacida en Las Flores, vecina del Microcentro. Jubilada y Pensionada.<\/p>\n","protected":false},"excerpt":{"rendered":"<p>Falleci\u00f3 en Olavarr\u00eda el d\u00eda 27 de Febrero de 2021 a los 83 a\u00f1os de edad. Sus hijas Araceli y<\/p>\n","protected":false},"author":3,"featured_media":0,"comment_status":"closed","ping_status":"closed","sticky":false,"template":"","format":"standard","meta":{"_jetpack_memberships_contains_paid_content":false,"footnotes":""},"categories":[10],"tags":[],"class_list":["post-14895","post","type-post","status-publish","format-standard","hentry","category-necrologicas"],"jetpack_featured_media_url":"","jetpack_sharing_enabled":true,"_links":{"self":[{"href":"https:\/\/cdnoticias.com\/index.php\/wp-json\/wp\/v2\/posts\/14895","targetHints":{"allow":["GET"]}}],"collection":[{"href":"https:\/\/cdnoticias.com\/index.php\/wp-json\/wp\/v2\/posts"}],"about":[{"href":"https:\/\/cdnoticias.com\/index.php\/wp-json\/wp\/v2\/types\/post"}],"author":[{"embeddable":true,"href":"https:\/\/cdnoticias.com\/index.php\/wp-json\/wp\/v2\/users\/3"}],"replies":[{"embeddable":true,"href":"https:\/\/cdnoticias.com\/index.php\/wp-json\/wp\/v2\/comments?post=14895"}],"version-history":[{"count":0,"href":"https:\/\/cdnoticias.com\/index.php\/wp-json\/wp\/v2\/posts\/14895\/revisions"}],"wp:attachment":[{"href":"https:\/\/cdnoticias.com\/index.php\/wp-json\/wp\/v2\/media?parent=14895"}],"wp:term":[{"taxonomy":"category","embeddable":true,"href":"https:\/\/cdnoticias.com\/index.php\/wp-json\/wp\/v2\/categories?post=14895"},{"taxonomy":"post_tag","embeddable":true,"href":"https:\/\/cdnoticias.com\/index.php\/wp-json\/wp\/v2\/tags?post=14895"}],"curies":[{"name":"wp","href":"https:\/\/api.w.org\/{rel}","templated":true}]}}