{"id":148939,"date":"2022-09-30T16:56:17","date_gmt":"2022-09-30T19:56:17","guid":{"rendered":"http:\/\/centraldeportes.com.ar\/?p=23956"},"modified":"2022-09-30T16:56:17","modified_gmt":"2022-09-30T19:56:17","slug":"olavarriense-volvio-a-probar-en-la-plata-y-river-realizara-evaluaciones-en-estudiantes","status":"publish","type":"post","link":"https:\/\/cdnoticias.com\/index.php\/2022\/09\/30\/olavarriense-volvio-a-probar-en-la-plata-y-river-realizara-evaluaciones-en-estudiantes\/","title":{"rendered":"Olavarriense volvi\u00f3 a probar en La Plata y River realizar\u00e1 evaluaciones en Estudiantes"},"content":{"rendered":"<p>El futbolista de El Fort\u00edn, Tiziano Salazar, se present\u00f3 en el predio del \u201cPincha\u201d y realiz\u00f3 su segunda prueba en el club platense. Por otro lado, el pr\u00f3ximo lunes 3, el Departamento de Captaci\u00f3n de River Plate estar\u00e1 evaluando a jugadores \u201cbataraces\u201d de las categor\u00edas formativas.<!--more--><\/p>\n<hr \/>\n<p><strong>El olavarriense Tiziano Salazar, jugador categor\u00eda 2012 del Club Social y Deportivo El Fort\u00edn, volvi\u00f3 a ser convocado por el \u00c1rea de Captaci\u00f3n de Estudiantes de La Plata para su segunda prueba en el club<\/strong>. El joven futbolista arrib\u00f3 el pasado martes a la ciudad platense y estuvo hasta este viernes siendo observado por los entrenadores \u201cPincharratas\u201d.<\/p>\n<p>&nbsp;<\/p>\n<p>Hace un mes atr\u00e1s, \u201c<strong>Tizi\u201d, que juega de enganche o delantero por izquierda<\/strong>, estuvo participando en las pruebas de River Plate realizadas en Tandil. <strong>A prop\u00f3sito del club \u201cMillonario\u201d, el Departamento de Captaci\u00f3n estar\u00e1 el pr\u00f3ximo lunes realizando pruebas de jugadores en el predio de Estudiantes<\/strong>.<\/p>\n<p>&nbsp;<\/p>\n<p>Las evaluaciones a jugadores de las formativas del \u201cBata\u201d estar\u00e1n a cargo de los Directores T\u00e9cnicos Juan Manuel Constant\u00edn y Claudio Oterm\u00edn. <strong>Las mismas ser\u00e1n para las categor\u00edas 2004 \u2013 2005 \u2013 2006 (14:30 horas), 2007 \u2013 2008 \u2013 2009 (16:00 horas) y 2010 \u2013 2011 \u2013 2012 (17:30 horas)<\/strong>.<\/p>\n<p>&nbsp;<\/p>\n<p>Foto: <strong>Facebook del Club El Fort\u00edn<\/strong>.<\/p>\n","protected":false},"excerpt":{"rendered":"<p>El futbolista de El Fort\u00edn, Tiziano Salazar, se present\u00f3 en el predio del \u201cPincha\u201d y realiz\u00f3 su segunda prueba en<\/p>\n","protected":false},"author":96739694,"featured_media":148940,"comment_status":"closed","ping_status":"closed","sticky":false,"template":"","format":"standard","meta":{"_jetpack_memberships_contains_paid_content":false,"footnotes":""},"categories":[35,40,1],"tags":[],"class_list":["post-148939","post","type-post","status-publish","format-standard","has-post-thumbnail","hentry","category-futbol","category-inferiores","category-portada"],"jetpack_featured_media_url":"https:\/\/i0.wp.com\/cdnoticias.com\/wp-content\/uploads\/2022\/09\/Tiziano-en-EST.jpg?fit=866%2C497&ssl=1","jetpack_sharing_enabled":true,"_links":{"self":[{"href":"https:\/\/cdnoticias.com\/index.php\/wp-json\/wp\/v2\/posts\/148939","targetHints":{"allow":["GET"]}}],"collection":[{"href":"https:\/\/cdnoticias.com\/index.php\/wp-json\/wp\/v2\/posts"}],"about":[{"href":"https:\/\/cdnoticias.com\/index.php\/wp-json\/wp\/v2\/types\/post"}],"author":[{"embeddable":true,"href":"https:\/\/cdnoticias.com\/index.php\/wp-json\/wp\/v2\/users\/96739694"}],"replies":[{"embeddable":true,"href":"https:\/\/cdnoticias.com\/index.php\/wp-json\/wp\/v2\/comments?post=148939"}],"version-history":[{"count":0,"href":"https:\/\/cdnoticias.com\/index.php\/wp-json\/wp\/v2\/posts\/148939\/revisions"}],"wp:featuredmedia":[{"embeddable":true,"href":"https:\/\/cdnoticias.com\/index.php\/wp-json\/wp\/v2\/media\/148940"}],"wp:attachment":[{"href":"https:\/\/cdnoticias.com\/index.php\/wp-json\/wp\/v2\/media?parent=148939"}],"wp:term":[{"taxonomy":"category","embeddable":true,"href":"https:\/\/cdnoticias.com\/index.php\/wp-json\/wp\/v2\/categories?post=148939"},{"taxonomy":"post_tag","embeddable":true,"href":"https:\/\/cdnoticias.com\/index.php\/wp-json\/wp\/v2\/tags?post=148939"}],"curies":[{"name":"wp","href":"https:\/\/api.w.org\/{rel}","templated":true}]}}