{"id":148928,"date":"2022-06-13T17:59:38","date_gmt":"2022-06-13T20:59:38","guid":{"rendered":"http:\/\/centraldeportes.com.ar\/?p=17846"},"modified":"2022-06-13T17:59:38","modified_gmt":"2022-06-13T20:59:38","slug":"apps-junto-a-la-copa-vw-gol-y-el-tss-corrieron-en-san-cayetano","status":"publish","type":"post","link":"https:\/\/cdnoticias.com\/index.php\/2022\/06\/13\/apps-junto-a-la-copa-vw-gol-y-el-tss-corrieron-en-san-cayetano\/","title":{"rendered":"APPS junto a la Copa VW Gol y el TSS corrieron en San Cayetano"},"content":{"rendered":"<p>El automovilismo zonal se traslad\u00f3 a San Cayetano para concretar la cuarta fecha de sus campeonatos. Nicol\u00e1s Romero lleg\u00f3 a su primera victoria en la Monomarca 1100, Braian Stracquadaini repiti\u00f3 victoria en la Promocional, Dami\u00e1n Covatti gan\u00f3 en el Turismo Sport del Sudeste y Daniel Albano hizo lo propio en la Copa VW Gol.<\/p>\n<p><!--more--><\/p>\n<hr \/>\n<p>En el aut\u00f3dromo \u201cParque\u201d de San Cayetano se llev\u00f3 a cabo la cuarta fecha del campeonato de las categor\u00edas de la Asociaci\u00f3n de Pilotos Promocional del Sudeste, junto a las categor\u00edas Copa VW Gol y el Turismo Sport del Sudeste.<\/p>\n<p>&nbsp;<\/p>\n<p>En la Monomarca 1100 consigui\u00f3 su primera victoria de la temporada Nicol\u00e1s Romero, que regres\u00f3 este a\u00f1o a la categor\u00eda y ven\u00eda con buenos resultados pero sin poder redondear la victoria final. En esta oportunidad hizo todo bien y sin cometer errores logr\u00f3 llegar firme al final pudiendo relegar a Leopoldo Cirioli al segundo lugar, qui\u00e9n tambi\u00e9n concret\u00f3 su mejor resultado de la temporada. El podio lo complet\u00f3 Esteban Riciutti que contin\u00faa mostr\u00e1ndose como gran protagonista.<\/p>\n<p>&nbsp;<\/p>\n<p>En la Promocional 1100 la victoria fue para el azule\u00f1o Brian Stracquadaini, que repiti\u00f3 victoria y se afirma en la lucha por el campeonato, aunque el podio lo completo con sus dos rivales m\u00e1s directos en la lucha por la punta del certamen. Mart\u00edn Collodoro lleg\u00f3 a esta fecha como l\u00edder, y fue escolta de la final, por lo que tambi\u00e9n sum\u00f3 muy bien, mientras que el tercero, Manuel Mentasty, lleg\u00f3 a esta fecha como segundo del torneo. Aunque a\u00fan falta mucho, los tres representantes de Fiat son los m\u00e1s firmes aspirante al t\u00edtulo, sobre todo teniendo en cuenta las complicaciones del referente de Renault, Manuel Serra, que debi\u00f3 abandonar en la final.<\/p>\n<p>&nbsp;<\/p>\n<p><img data-recalc-dims=\"1\" loading=\"lazy\" decoding=\"async\" class=\"alignnone size-full wp-image-17847\" src=\"https:\/\/i0.wp.com\/centraldeportes.com.ar\/wp-content\/uploads\/2022\/06\/WhatsApp-Image-2022-06-13-at-2.28.42-PM.jpeg?resize=800%2C516\" alt=\"\" width=\"800\" height=\"516\" \/><\/p>\n<p>&nbsp;<\/p>\n<p>El Turismo Sport del Sudeste acompa\u00f1\u00f3 el espect\u00e1culo en este escenario, y Dami\u00e1n Covarri se qued\u00f3 con la victoria. La carrera se redujo en cinco giros, producto de que s\u00f3lo cinco autos pudieron formar parte de la final, ya que Marcelo Alburquerque y Juan Mar\u00eda Mantelli rompieron sus autos en la serie por un toque entre ambos.<\/p>\n<p>&nbsp;<\/p>\n<p>De este modo, con una carrera un tanto deslucida, Covatti se encarg\u00f3 de superar en los primeros metros a Andr\u00e9s De Vega y s\u00f3lo se dedic\u00f3 a completar las vueltas. Mariano Cortez y Pablo Salerno completaron el podio, mientras que Mario Dom\u00ednguez y Andr\u00e9s De Vega completaron el clasificador.<\/p>\n<p>&nbsp;<\/p>\n<p>Por \u00faltimo, la Copa VW Gol tuvo como vencedor a Daniel Albano, que sigue firme en la lucha por retener el uno. Mirko Stremel y Facundo Miralles lo escoltaron en el podio, mientras que Juan Carlos L\u00f3pez, Nicol\u00e1s Vizzolini, Andr\u00e9s Mantelli, Juan Carlos Monferrer y Enzo Pineda completaron el clasificador. No se clasificaron Leonardo Marotta, Mat\u00edas Errobidart y Lucas Errobidart, los once protagonistas que estuvieron presentes.<\/p>\n<p>&nbsp;<\/p>\n<p>La pr\u00f3xima fecha para APPS ser\u00e1 el 17 de julio en el aut\u00f3dromo \u201cHermanos Emiliozzi\u201d, ser\u00e1n los \u201c100 km\u201d con pilotos invitados, y ser\u00e1 la carrera del 1\/4 mill\u00f3n, ya que se repartir\u00e1n $250.000 en premios.<\/p>\n<p>&nbsp;<\/p>\n<p>FINAL PROMOCIONAL<\/p>\n<p>1 Stracquadaini, Braian<br \/>\n2 Collodoro, Mart\u00edn<br \/>\n3 Mentasty, Manuel<br \/>\n4 Fucci, Bernardo<br \/>\n5 Leonetti, Eddie<br \/>\n6 Latorre, Benjam\u00edn<br \/>\n7 Macaluso, Carlos<br \/>\n8 S\u00e1nchez, Leo<br \/>\n9 Gelso, Leo<br \/>\n10 Pendas, Gustavo<br \/>\n11 Eyherart, Ariel<br \/>\n12 Monferrer, Juan C.<br \/>\n13 Serra, Manuel<br \/>\n14 Mangieri, Diego<br \/>\n15 Tartuferi, Diego<br \/>\n16 Benaglia, Mart\u00edn<\/p>\n<p>FINAL MONOMARCA<\/p>\n<p>1 Romero, Nicol\u00e1s<br \/>\n2 Cirioli, Leopoldo<br \/>\n3 Riciutti, Esteban<br \/>\n4 Benito, Nicolas<br \/>\n5 Juez, Emiliano<br \/>\n6 Pianzola, Joel<br \/>\n7 Valisi, Diego<br \/>\n8 Bruno, Agust\u00edn<br \/>\n9 Linares, Bernardo<br \/>\n10 Laurenz, Franco<br \/>\n11 Fornes, Oscar<br \/>\n12 Fern\u00e1ndez, Juan<br \/>\n13 Rodr\u00edguez, Jorge<br \/>\n14 Olivera, Mat\u00edas<br \/>\n15 Gallardo, Jonathan<br \/>\n16 Lebrero, Ricardo<br \/>\n17 Saba, Mart\u00edn<br \/>\n18 Elisiri, Ramiro<\/p>\n<p>FINAL TSS<\/p>\n<p>1 Covatti, Dami\u00e1n<br \/>\n2 Cortez, Mariano<br \/>\n3 Salerno Pablo<br \/>\n4 Dom\u00ednguez, Mario<br \/>\n5 De Vega, Andr\u00e9s<\/p>\n<p>FINAL COPA GOL<\/p>\n<p>1. Albano, Daniel<br \/>\n2. Stremel, Mirko<br \/>\n3. Miralles, Facundo<br \/>\n4. L\u00f3pez, Juan Carlos<br \/>\n5. Vizzolini, Nicol\u00e1s<br \/>\n6. Mantelli, Andr\u00e9s<br \/>\n7. Monferrer, Juan Carlos<br \/>\n8. Pineda, Enzo<\/p>\n","protected":false},"excerpt":{"rendered":"<p>El automovilismo zonal se traslad\u00f3 a San Cayetano para concretar la cuarta fecha de sus campeonatos. Nicol\u00e1s Romero lleg\u00f3 a<\/p>\n","protected":false},"author":96739694,"featured_media":148929,"comment_status":"closed","ping_status":"closed","sticky":false,"template":"","format":"standard","meta":{"_jetpack_memberships_contains_paid_content":false,"footnotes":""},"categories":[51,34,52,1,53],"tags":[],"class_list":["post-148928","post","type-post","status-publish","format-standard","has-post-thumbnail","hentry","category-apps","category-automovilismo","category-vw-gol","category-portada","category-tss"],"jetpack_featured_media_url":"https:\/\/i0.wp.com\/cdnoticias.com\/wp-content\/uploads\/2022\/06\/WhatsApp-Image-2022-06-13-at-2.28.41-PM.jpeg?fit=1280%2C853&ssl=1","jetpack_sharing_enabled":true,"_links":{"self":[{"href":"https:\/\/cdnoticias.com\/index.php\/wp-json\/wp\/v2\/posts\/148928","targetHints":{"allow":["GET"]}}],"collection":[{"href":"https:\/\/cdnoticias.com\/index.php\/wp-json\/wp\/v2\/posts"}],"about":[{"href":"https:\/\/cdnoticias.com\/index.php\/wp-json\/wp\/v2\/types\/post"}],"author":[{"embeddable":true,"href":"https:\/\/cdnoticias.com\/index.php\/wp-json\/wp\/v2\/users\/96739694"}],"replies":[{"embeddable":true,"href":"https:\/\/cdnoticias.com\/index.php\/wp-json\/wp\/v2\/comments?post=148928"}],"version-history":[{"count":0,"href":"https:\/\/cdnoticias.com\/index.php\/wp-json\/wp\/v2\/posts\/148928\/revisions"}],"wp:featuredmedia":[{"embeddable":true,"href":"https:\/\/cdnoticias.com\/index.php\/wp-json\/wp\/v2\/media\/148929"}],"wp:attachment":[{"href":"https:\/\/cdnoticias.com\/index.php\/wp-json\/wp\/v2\/media?parent=148928"}],"wp:term":[{"taxonomy":"category","embeddable":true,"href":"https:\/\/cdnoticias.com\/index.php\/wp-json\/wp\/v2\/categories?post=148928"},{"taxonomy":"post_tag","embeddable":true,"href":"https:\/\/cdnoticias.com\/index.php\/wp-json\/wp\/v2\/tags?post=148928"}],"curies":[{"name":"wp","href":"https:\/\/api.w.org\/{rel}","templated":true}]}}