{"id":148820,"date":"2022-09-14T17:58:39","date_gmt":"2022-09-14T20:58:39","guid":{"rendered":"http:\/\/centraldeportes.com.ar\/?p=23050"},"modified":"2022-09-14T17:58:39","modified_gmt":"2022-09-14T20:58:39","slug":"siguen-las-capacitaciones-llegan-genga-y-lofrano-a-hablar-de-minibasquet","status":"publish","type":"post","link":"https:\/\/cdnoticias.com\/index.php\/2022\/09\/14\/siguen-las-capacitaciones-llegan-genga-y-lofrano-a-hablar-de-minibasquet\/","title":{"rendered":"Siguen las capacitaciones: llegan Genga y Lofrano a hablar de Minib\u00e1squet"},"content":{"rendered":"<p>Pablo Genga y Juan Lofrano disertar\u00e1n en Olavarr\u00eda el venidero s\u00e1bado y con interesantes m\u00f3dulos har\u00e1n principal hincapi\u00e9 en \u201cLa ense\u00f1anza en el Minib\u00e1squet\u201d.<!--more--><\/p>\n<hr \/>\n<p>En el gimnasio del Parque Olavarr\u00eda, se realizar\u00e1 una nueva capacitaci\u00f3n en el b\u00e1squet que est\u00e1 destinada a entrenadores y profesores de educaci\u00f3n f\u00edsica.<\/p>\n<p>&nbsp;<\/p>\n<p>Pablo Genga y Juan Lofrano dictar\u00e1n un campus que iniciar\u00e1 9:30 y se extender\u00e1 durante toda la jornada sabatina donde se abordar\u00e1n temas directamente relacionados al mini b\u00e1squet y la iniciaci\u00f3n deportiva.<\/p>\n<p>&nbsp;<\/p>\n<p>Los entrenadores dividir\u00e1n las clases en cinco m\u00f3dulos te\u00f3ricos-pr\u00e1cticos y ser\u00e1 una nueva forma de capacitaci\u00f3n para los entrenadores olavarrienses que la pasada semana tuvieron la posibilidad de asistir a la <a href=\"https:\/\/cdnoticias.com\/paso-con-exito-la-capacitacion-sobre-preparacion-fisica-en-basquet\/\">capacitaci\u00f3n sobre preparaci\u00f3n f\u00edsica<\/a> en el deporte de los cestos.<\/p>\n<p>&nbsp;<\/p>\n<p><img data-recalc-dims=\"1\" loading=\"lazy\" decoding=\"async\" class=\"aligncenter size-full wp-image-23052\" src=\"https:\/\/i0.wp.com\/centraldeportes.com.ar\/wp-content\/uploads\/2022\/09\/WhatsApp-Image-2022-09-14-at-17.34.11.jpeg?resize=800%2C1422\" alt=\"\" width=\"800\" height=\"1422\" \/><\/p>\n<p>&nbsp;<\/p>\n<p>Aquellas personas interesadas en participar deber\u00e1n comunicarse al 2284-579864.<\/p>\n","protected":false},"excerpt":{"rendered":"<p>Pablo Genga y Juan Lofrano disertar\u00e1n en Olavarr\u00eda el venidero s\u00e1bado y con interesantes m\u00f3dulos har\u00e1n principal hincapi\u00e9 en \u201cLa<\/p>\n","protected":false},"author":96739694,"featured_media":148822,"comment_status":"closed","ping_status":"closed","sticky":false,"template":"","format":"standard","meta":{"_jetpack_memberships_contains_paid_content":false,"footnotes":""},"categories":[31,44,1],"tags":[],"class_list":["post-148820","post","type-post","status-publish","format-standard","has-post-thumbnail","hentry","category-basquet","category-inferiores-basquet","category-portada"],"jetpack_featured_media_url":"https:\/\/i0.wp.com\/cdnoticias.com\/wp-content\/uploads\/2022\/09\/campus-basquet-lg-lofrano-genga-1.jpg?fit=1250%2C755&ssl=1","jetpack_sharing_enabled":true,"_links":{"self":[{"href":"https:\/\/cdnoticias.com\/index.php\/wp-json\/wp\/v2\/posts\/148820","targetHints":{"allow":["GET"]}}],"collection":[{"href":"https:\/\/cdnoticias.com\/index.php\/wp-json\/wp\/v2\/posts"}],"about":[{"href":"https:\/\/cdnoticias.com\/index.php\/wp-json\/wp\/v2\/types\/post"}],"author":[{"embeddable":true,"href":"https:\/\/cdnoticias.com\/index.php\/wp-json\/wp\/v2\/users\/96739694"}],"replies":[{"embeddable":true,"href":"https:\/\/cdnoticias.com\/index.php\/wp-json\/wp\/v2\/comments?post=148820"}],"version-history":[{"count":0,"href":"https:\/\/cdnoticias.com\/index.php\/wp-json\/wp\/v2\/posts\/148820\/revisions"}],"wp:featuredmedia":[{"embeddable":true,"href":"https:\/\/cdnoticias.com\/index.php\/wp-json\/wp\/v2\/media\/148822"}],"wp:attachment":[{"href":"https:\/\/cdnoticias.com\/index.php\/wp-json\/wp\/v2\/media?parent=148820"}],"wp:term":[{"taxonomy":"category","embeddable":true,"href":"https:\/\/cdnoticias.com\/index.php\/wp-json\/wp\/v2\/categories?post=148820"},{"taxonomy":"post_tag","embeddable":true,"href":"https:\/\/cdnoticias.com\/index.php\/wp-json\/wp\/v2\/tags?post=148820"}],"curies":[{"name":"wp","href":"https:\/\/api.w.org\/{rel}","templated":true}]}}