{"id":148818,"date":"2022-06-11T20:20:10","date_gmt":"2022-06-11T23:20:10","guid":{"rendered":"http:\/\/centraldeportes.com.ar\/?p=17659"},"modified":"2022-06-11T20:20:10","modified_gmt":"2022-06-11T23:20:10","slug":"quinto-lugar-para-nicolas-pezzucchi-en-las-tc-pick-up","status":"publish","type":"post","link":"https:\/\/cdnoticias.com\/index.php\/2022\/06\/11\/quinto-lugar-para-nicolas-pezzucchi-en-las-tc-pick-up\/","title":{"rendered":"Quinto lugar para Nicol\u00e1s Pezzucchi en las TC Pick Up"},"content":{"rendered":"<p>Las camionetas clasificaron esta tarde en La Plata y el piloto olavarriense est\u00e1 entre los cinco mejores. La clasificaci\u00f3n fue para Omar Mart\u00ednez, el \u00eddolo del TC se dio el gusto de compartir la pole con su hijo Agust\u00edn como escolta.<\/p>\n<p><!--more--><\/p>\n<hr \/>\n<p>Las TC Pick Up contin\u00faan demostrando su gran presente, y este s\u00e1bado Omar Mart\u00ednez, con la Ford Ranger, se qued\u00f3 con la pole position de la 5\u00b0 cita del Campeonato, que se desarrolla en el aut\u00f3dromo platense. Esta es la segunda vez que el experimentado piloto de Paran\u00e1 alcanza el mejor registro en una clasificaci\u00f3n de la categor\u00eda.<\/p>\n<p>&nbsp;<\/p>\n<p>La familia Mart\u00ednez vivi\u00f3 una jornada para el recuerdo, ya que padre e hijo se ubicaron en las dos mejores posiciones de la tanda clasificatoria del s\u00e1bado. El \u201cGur\u00ed\u201d se ubic\u00f3 en la cima del clasificador con un tiempo de 1m29s 904, para doblegar a su hijo por s\u00f3lo 0s215, en tanto que el rosarino Pedro Boero, con la Toyota, ocup\u00f3 el tercer lugar.<\/p>\n<p>&nbsp;<\/p>\n<p>Ayrton Londero, Nicol\u00e1s Pezzucchi, Luciano Ventricelli, Andr\u00e9s Jakos, Mariano Werner, Lu\u00eds Jos\u00e9 Di Palma y Gast\u00f3n Mazzacane, completaron las principales posiciones.<\/p>\n<p>&nbsp;<\/p>\n<p>Para Nicol\u00e1s Pezzucchi fue una gran clasificaci\u00f3n, que le permite volver a estar entre los principales protagonistas, y la chance concreta de luchar por un lugar en el podio de la final que se pondr\u00e1 en marcha a las 13.50 del domingo.<\/p>\n","protected":false},"excerpt":{"rendered":"<p>Las camionetas clasificaron esta tarde en La Plata y el piloto olavarriense est\u00e1 entre los cinco mejores. La clasificaci\u00f3n fue<\/p>\n","protected":false},"author":96739694,"featured_media":148819,"comment_status":"closed","ping_status":"closed","sticky":false,"template":"","format":"standard","meta":{"_jetpack_memberships_contains_paid_content":false,"footnotes":""},"categories":[34,1,39],"tags":[],"class_list":["post-148818","post","type-post","status-publish","format-standard","has-post-thumbnail","hentry","category-automovilismo","category-portada","category-tc-pick-up"],"jetpack_featured_media_url":"https:\/\/i0.wp.com\/cdnoticias.com\/wp-content\/uploads\/2022\/06\/WhatsApp-Image-2022-06-11-at-7.05.00-PM.jpeg?fit=1280%2C853&ssl=1","jetpack_sharing_enabled":true,"_links":{"self":[{"href":"https:\/\/cdnoticias.com\/index.php\/wp-json\/wp\/v2\/posts\/148818","targetHints":{"allow":["GET"]}}],"collection":[{"href":"https:\/\/cdnoticias.com\/index.php\/wp-json\/wp\/v2\/posts"}],"about":[{"href":"https:\/\/cdnoticias.com\/index.php\/wp-json\/wp\/v2\/types\/post"}],"author":[{"embeddable":true,"href":"https:\/\/cdnoticias.com\/index.php\/wp-json\/wp\/v2\/users\/96739694"}],"replies":[{"embeddable":true,"href":"https:\/\/cdnoticias.com\/index.php\/wp-json\/wp\/v2\/comments?post=148818"}],"version-history":[{"count":0,"href":"https:\/\/cdnoticias.com\/index.php\/wp-json\/wp\/v2\/posts\/148818\/revisions"}],"wp:featuredmedia":[{"embeddable":true,"href":"https:\/\/cdnoticias.com\/index.php\/wp-json\/wp\/v2\/media\/148819"}],"wp:attachment":[{"href":"https:\/\/cdnoticias.com\/index.php\/wp-json\/wp\/v2\/media?parent=148818"}],"wp:term":[{"taxonomy":"category","embeddable":true,"href":"https:\/\/cdnoticias.com\/index.php\/wp-json\/wp\/v2\/categories?post=148818"},{"taxonomy":"post_tag","embeddable":true,"href":"https:\/\/cdnoticias.com\/index.php\/wp-json\/wp\/v2\/tags?post=148818"}],"curies":[{"name":"wp","href":"https:\/\/api.w.org\/{rel}","templated":true}]}}