{"id":148794,"date":"2022-06-09T18:04:30","date_gmt":"2022-06-09T21:04:30","guid":{"rendered":"http:\/\/centraldeportes.com.ar\/?p=17526"},"modified":"2022-06-09T18:04:30","modified_gmt":"2022-06-09T21:04:30","slug":"arana-y-bourgeois-siguen-lideres-de-la-segunda","status":"publish","type":"post","link":"https:\/\/cdnoticias.com\/index.php\/2022\/06\/09\/arana-y-bourgeois-siguen-lideres-de-la-segunda\/","title":{"rendered":"Ara\u00f1a y Bourgeois siguen l\u00edderes de la Segunda"},"content":{"rendered":"<p>Se jug\u00f3 el lunes en instalaciones del Museo de las Ciencias la tercera jornada del Campeonato Oficial de Segunda Categor\u00eda, que organiza y fiscaliza la Federaci\u00f3n de Ajedrez de Olavarr\u00eda.<!--more--><\/p>\n<hr \/>\n<p>Augusto Ara\u00f1a y Gustavo Bourgeois, los l\u00edderes, acordaron tablas luego de llegar a un final de torre y alfil por bando. Mantienen la punta aunque con cuatro escoltas a medio punto. La pr\u00f3xima fecha tendr\u00e1 en la mesa uno al duelo entre Bourgeois ante Dar\u00edo Maidana y en la dos a Diego Marateo con el joven Ara\u00f1a.<\/p>\n<p>&nbsp;<\/p>\n<p>El certamen se disputa por sistema suizo a siete rondas a noventa minutos por jugador m\u00e1s treinta segundos por jugada.\u00a0 A su vez otorga tres plazas para el certamen de primera categor\u00eda, y determina un descenso.<\/p>\n<p>&nbsp;<\/p>\n<p>Se juega lunes y jueves a partir de las 21hs con una hora de tolerancia. La pr\u00f3xima fecha se llevar\u00e1 a cabo el jueves.<\/p>\n<p>&nbsp;<\/p>\n<p>Los resultados 3\u00b0 Ronda:<\/p>\n<p>Augusto Ara\u00f1a \u00bd &#8211; \u00bd \u00a0Gustavo Bourgeois<\/p>\n<p>Jesica Biarlo \u00bd &#8211; \u00bd \u00a0Eduardo Costilla<\/p>\n<p>Paola Nievas 0-1\u00a0\u00a0\u00a0 Dar\u00edo Maidana<\/p>\n<p>Ra\u00fal Indo 0-1\u00a0\u00a0 Diego Marateo<\/p>\n<p>Bernardo L\u00f3pez 0-1\u00a0\u00a0 Rub\u00e9n L\u00f3pez<\/p>\n<p>Libre: Juan Sterki<\/p>\n","protected":false},"excerpt":{"rendered":"<p>Se jug\u00f3 el lunes en instalaciones del Museo de las Ciencias la tercera jornada del Campeonato Oficial de Segunda Categor\u00eda,<\/p>\n","protected":false},"author":96739694,"featured_media":148795,"comment_status":"closed","ping_status":"closed","sticky":false,"template":"","format":"standard","meta":{"_jetpack_memberships_contains_paid_content":false,"footnotes":""},"categories":[30,1],"tags":[],"class_list":["post-148794","post","type-post","status-publish","format-standard","has-post-thumbnail","hentry","category-polideportivo","category-portada"],"jetpack_featured_media_url":"https:\/\/i0.wp.com\/cdnoticias.com\/wp-content\/uploads\/2022\/06\/AjedrezSegunda.jpeg?fit=1600%2C1204&ssl=1","jetpack_sharing_enabled":true,"_links":{"self":[{"href":"https:\/\/cdnoticias.com\/index.php\/wp-json\/wp\/v2\/posts\/148794","targetHints":{"allow":["GET"]}}],"collection":[{"href":"https:\/\/cdnoticias.com\/index.php\/wp-json\/wp\/v2\/posts"}],"about":[{"href":"https:\/\/cdnoticias.com\/index.php\/wp-json\/wp\/v2\/types\/post"}],"author":[{"embeddable":true,"href":"https:\/\/cdnoticias.com\/index.php\/wp-json\/wp\/v2\/users\/96739694"}],"replies":[{"embeddable":true,"href":"https:\/\/cdnoticias.com\/index.php\/wp-json\/wp\/v2\/comments?post=148794"}],"version-history":[{"count":0,"href":"https:\/\/cdnoticias.com\/index.php\/wp-json\/wp\/v2\/posts\/148794\/revisions"}],"wp:featuredmedia":[{"embeddable":true,"href":"https:\/\/cdnoticias.com\/index.php\/wp-json\/wp\/v2\/media\/148795"}],"wp:attachment":[{"href":"https:\/\/cdnoticias.com\/index.php\/wp-json\/wp\/v2\/media?parent=148794"}],"wp:term":[{"taxonomy":"category","embeddable":true,"href":"https:\/\/cdnoticias.com\/index.php\/wp-json\/wp\/v2\/categories?post=148794"},{"taxonomy":"post_tag","embeddable":true,"href":"https:\/\/cdnoticias.com\/index.php\/wp-json\/wp\/v2\/tags?post=148794"}],"curies":[{"name":"wp","href":"https:\/\/api.w.org\/{rel}","templated":true}]}}