{"id":148788,"date":"2022-09-12T17:42:24","date_gmt":"2022-09-12T20:42:24","guid":{"rendered":"http:\/\/centraldeportes.com.ar\/?p=22851"},"modified":"2022-09-12T17:42:24","modified_gmt":"2022-09-12T20:42:24","slug":"jeronimo-gallo-llego-a-los-100-partidos-en-primera-division","status":"publish","type":"post","link":"https:\/\/cdnoticias.com\/index.php\/2022\/09\/12\/jeronimo-gallo-llego-a-los-100-partidos-en-primera-division\/","title":{"rendered":"Jer\u00f3nimo Gallo lleg\u00f3 a los 100 partidos en Primera Divisi\u00f3n"},"content":{"rendered":"<p>El \u00e1rbitro Jer\u00f3nimo Gallo Cabrera celebr\u00f3 el pasado domingo su 100\u00b0 partido en la m\u00e1xima categor\u00eda del f\u00fatbol olavarriense en el encuentro entre Embajadores y El Fort\u00edn.<!--more--><\/p>\n<hr \/>\n<p>En el Tete Di Carlo, el local estir\u00f3 su invicto, lleg\u00f3 a los 15 puntos en el Torneo Apertura \u201cHermanos Di Buono\u201d, pero tambi\u00e9n signific\u00f3 el 100\u00b0 partido para uno de los representantes de la Asociaci\u00f3n de \u00c1rbitros de Olavarr\u00eda.<\/p>\n<p>&nbsp;<\/p>\n<p>Gallo estuvo acompa\u00f1ado por Valent\u00edn Pompei y Enrique Mart\u00edn.<\/p>\n","protected":false},"excerpt":{"rendered":"<p>El \u00e1rbitro Jer\u00f3nimo Gallo Cabrera celebr\u00f3 el pasado domingo su 100\u00b0 partido en la m\u00e1xima categor\u00eda del f\u00fatbol olavarriense en<\/p>\n","protected":false},"author":96739694,"featured_media":148789,"comment_status":"closed","ping_status":"closed","sticky":false,"template":"","format":"standard","meta":{"_jetpack_memberships_contains_paid_content":false,"footnotes":""},"categories":[35,1,41],"tags":[],"class_list":["post-148788","post","type-post","status-publish","format-standard","has-post-thumbnail","hentry","category-futbol","category-portada","category-primera-y-reserva"],"jetpack_featured_media_url":"https:\/\/i0.wp.com\/cdnoticias.com\/wp-content\/uploads\/2022\/09\/WhatsApp-Image-2022-09-12-at-17.30.26.jpeg?fit=1500%2C1000&ssl=1","jetpack_sharing_enabled":true,"_links":{"self":[{"href":"https:\/\/cdnoticias.com\/index.php\/wp-json\/wp\/v2\/posts\/148788","targetHints":{"allow":["GET"]}}],"collection":[{"href":"https:\/\/cdnoticias.com\/index.php\/wp-json\/wp\/v2\/posts"}],"about":[{"href":"https:\/\/cdnoticias.com\/index.php\/wp-json\/wp\/v2\/types\/post"}],"author":[{"embeddable":true,"href":"https:\/\/cdnoticias.com\/index.php\/wp-json\/wp\/v2\/users\/96739694"}],"replies":[{"embeddable":true,"href":"https:\/\/cdnoticias.com\/index.php\/wp-json\/wp\/v2\/comments?post=148788"}],"version-history":[{"count":0,"href":"https:\/\/cdnoticias.com\/index.php\/wp-json\/wp\/v2\/posts\/148788\/revisions"}],"wp:featuredmedia":[{"embeddable":true,"href":"https:\/\/cdnoticias.com\/index.php\/wp-json\/wp\/v2\/media\/148789"}],"wp:attachment":[{"href":"https:\/\/cdnoticias.com\/index.php\/wp-json\/wp\/v2\/media?parent=148788"}],"wp:term":[{"taxonomy":"category","embeddable":true,"href":"https:\/\/cdnoticias.com\/index.php\/wp-json\/wp\/v2\/categories?post=148788"},{"taxonomy":"post_tag","embeddable":true,"href":"https:\/\/cdnoticias.com\/index.php\/wp-json\/wp\/v2\/tags?post=148788"}],"curies":[{"name":"wp","href":"https:\/\/api.w.org\/{rel}","templated":true}]}}