{"id":148778,"date":"2022-09-12T17:50:54","date_gmt":"2022-09-12T20:50:54","guid":{"rendered":"http:\/\/centraldeportes.com.ar\/?p=22854"},"modified":"2022-09-12T17:50:54","modified_gmt":"2022-09-12T20:50:54","slug":"en-el-buglione-martinese-hubo-encuentro-de-escuelitas","status":"publish","type":"post","link":"https:\/\/cdnoticias.com\/index.php\/2022\/09\/12\/en-el-buglione-martinese-hubo-encuentro-de-escuelitas\/","title":{"rendered":"En el Buglione Martinese, hubo encuentro de Escuelitas"},"content":{"rendered":"<p>El pasado domingo alrededor de 750 futbolistas en formaci\u00f3n participaron del Encuentro de Escuelitas organizado por Racing y llevado a cabo en el Buglione Martinese.<!--more--><\/p>\n<hr \/>\n<p>La actividad recreativa que se extendi\u00f3 hasta el mediod\u00eda del domingo estuvo reservada para los deportistas nacidos entre 2012 y 2016 con la participaci\u00f3n de todos los clubes de la ciudad. Adem\u00e1s hubo tres equipos de la Direcci\u00f3n de Deportes, la Escuela de F\u00fatbol Trapito y Alumni de Azul.<\/p>\n<p>&nbsp;<\/p>\n<div class=\"tiled-gallery type-rectangular tiled-gallery-unresized\" data-original-width=\"800\" data-carousel-extra='null' itemscope itemtype=\"http:\/\/schema.org\/ImageGallery\" > <div class=\"gallery-row\" style=\"width: 800px; height: 447px;\" data-original-width=\"800\" data-original-height=\"447\" > <div class=\"gallery-group images-1\" style=\"width: 800px; height: 447px;\" data-original-width=\"800\" data-original-height=\"447\" > <div class=\"tiled-gallery-item tiled-gallery-item-large\" itemprop=\"associatedMedia\" itemscope itemtype=\"http:\/\/schema.org\/ImageObject\"> <a href=\"https:\/\/i0.wp.com\/cdnoticias.com\/wp-content\/uploads\/2021\/05\/corte.jpg?ssl=1\" border=\"0\" itemprop=\"url\"> <meta itemprop=\"width\" content=\"796\"> <meta itemprop=\"height\" content=\"443\"> <img decoding=\"async\" class=\"\" data-attachment-id=\"22857\" data-orig-file=\"https:\/\/cdnoticias.com\/wp-content\/uploads\/2021\/05\/corte.jpg\" data-orig-size=\"800,445\" data-comments-opened=\"\" data-image-meta=\"{&quot;aperture&quot;:&quot;0&quot;,&quot;credit&quot;:&quot;&quot;,&quot;camera&quot;:&quot;&quot;,&quot;caption&quot;:&quot;&quot;,&quot;created_timestamp&quot;:&quot;0&quot;,&quot;copyright&quot;:&quot;&quot;,&quot;focal_length&quot;:&quot;0&quot;,&quot;iso&quot;:&quot;0&quot;,&quot;shutter_speed&quot;:&quot;0&quot;,&quot;title&quot;:&quot;&quot;,&quot;orientation&quot;:&quot;1&quot;}\" data-image-title=\"corte\" data-image-description=\"\" data-medium-file=\"https:\/\/i0.wp.com\/cdnoticias.com\/wp-content\/uploads\/2021\/05\/corte.jpg?fit=300%2C167&#038;ssl=1\" data-large-file=\"https:\/\/i0.wp.com\/cdnoticias.com\/wp-content\/uploads\/2021\/05\/corte.jpg?fit=800%2C445&#038;ssl=1\" src=\"https:\/\/i0.wp.com\/cdnoticias.com\/wp-content\/uploads\/2021\/05\/corte.jpg?w=796&#038;h=443&#038;ssl=1\" srcset=\"https:\/\/i0.wp.com\/cdnoticias.com\/wp-content\/uploads\/2021\/05\/corte.jpg?w=800&amp;ssl=1 800w, https:\/\/i0.wp.com\/cdnoticias.com\/wp-content\/uploads\/2021\/05\/corte.jpg?resize=300%2C167&amp;ssl=1 300w, https:\/\/i0.wp.com\/cdnoticias.com\/wp-content\/uploads\/2021\/05\/corte.jpg?resize=768%2C427&amp;ssl=1 768w\" width=\"796\" height=\"443\" loading=\"lazy\" data-original-width=\"796\" data-original-height=\"443\" itemprop=\"http:\/\/schema.org\/image\" title=\"corte\" alt=\"corte\" style=\"width: 796px; height: 443px;\" \/> <\/a> <\/div> <\/div> <!-- close group --> <\/div> <!-- close row --> <\/div>\n<p>&nbsp;<\/p>\n<p>Desde las tribunas m\u00e1s de 1000 personas acompa\u00f1ando a los chicos de entre 4 y 11 a\u00f1os que pasaron una jornada a puro f\u00fatbol y que estuvo enmarcada en la agenda de la Liga de F\u00fatbol de Olavarr\u00eda.<\/p>\n","protected":false},"excerpt":{"rendered":"<p>El pasado domingo alrededor de 750 futbolistas en formaci\u00f3n participaron del Encuentro de Escuelitas organizado por Racing y llevado a<\/p>\n","protected":false},"author":96739694,"featured_media":148782,"comment_status":"closed","ping_status":"closed","sticky":false,"template":"","format":"standard","meta":{"_jetpack_memberships_contains_paid_content":false,"footnotes":""},"categories":[35,40,1],"tags":[],"class_list":["post-148778","post","type-post","status-publish","format-standard","has-post-thumbnail","hentry","category-futbol","category-inferiores","category-portada"],"jetpack_featured_media_url":"https:\/\/i0.wp.com\/cdnoticias.com\/wp-content\/uploads\/2022\/09\/WhatsApp-Image-2022-09-12-at-17.48.08.jpeg?fit=1599%2C1066&ssl=1","jetpack_sharing_enabled":true,"_links":{"self":[{"href":"https:\/\/cdnoticias.com\/index.php\/wp-json\/wp\/v2\/posts\/148778","targetHints":{"allow":["GET"]}}],"collection":[{"href":"https:\/\/cdnoticias.com\/index.php\/wp-json\/wp\/v2\/posts"}],"about":[{"href":"https:\/\/cdnoticias.com\/index.php\/wp-json\/wp\/v2\/types\/post"}],"author":[{"embeddable":true,"href":"https:\/\/cdnoticias.com\/index.php\/wp-json\/wp\/v2\/users\/96739694"}],"replies":[{"embeddable":true,"href":"https:\/\/cdnoticias.com\/index.php\/wp-json\/wp\/v2\/comments?post=148778"}],"version-history":[{"count":0,"href":"https:\/\/cdnoticias.com\/index.php\/wp-json\/wp\/v2\/posts\/148778\/revisions"}],"wp:featuredmedia":[{"embeddable":true,"href":"https:\/\/cdnoticias.com\/index.php\/wp-json\/wp\/v2\/media\/148782"}],"wp:attachment":[{"href":"https:\/\/cdnoticias.com\/index.php\/wp-json\/wp\/v2\/media?parent=148778"}],"wp:term":[{"taxonomy":"category","embeddable":true,"href":"https:\/\/cdnoticias.com\/index.php\/wp-json\/wp\/v2\/categories?post=148778"},{"taxonomy":"post_tag","embeddable":true,"href":"https:\/\/cdnoticias.com\/index.php\/wp-json\/wp\/v2\/tags?post=148778"}],"curies":[{"name":"wp","href":"https:\/\/api.w.org\/{rel}","templated":true}]}}