{"id":148763,"date":"2022-09-12T21:59:06","date_gmt":"2022-09-13T00:59:06","guid":{"rendered":"http:\/\/centraldeportes.com.ar\/?p=22865"},"modified":"2022-09-12T21:59:06","modified_gmt":"2022-09-13T00:59:06","slug":"charly-macias-sumo-otro-titulo-en-chile","status":"publish","type":"post","link":"https:\/\/cdnoticias.com\/index.php\/2022\/09\/12\/charly-macias-sumo-otro-titulo-en-chile\/","title":{"rendered":"\u201cCharly\u201d Mac\u00edas sum\u00f3 otro t\u00edtulo en Chile"},"content":{"rendered":"<p>Espa\u00f1ol de Osorno festej\u00f3 el pasado fin de semana un nuevo t\u00edtulo bajo la direcci\u00f3n t\u00e9cnica de Marcelo Mac\u00edas al derrotar a CEB de Puerto Montt por 83 a 76.<!--more--><\/p>\n<hr \/>\n<p>El pasado domingo se jug\u00f3 la definici\u00f3n de la serie adulto U23 de la Liga Saesa y fue con victoria para el equipo que lidera \u201cCharly\u201d Mac\u00edas.<\/p>\n<p>&nbsp;<\/p>\n<p><img data-recalc-dims=\"1\" loading=\"lazy\" decoding=\"async\" class=\"aligncenter size-full wp-image-22874\" src=\"https:\/\/i0.wp.com\/centraldeportes.com.ar\/wp-content\/uploads\/2022\/09\/macias-campeon.png?resize=800%2C445\" alt=\"\" width=\"800\" height=\"445\" \/><\/p>\n<p>&nbsp;<\/p>\n<p>Luego de los dos t\u00edtulos en el transcurso de pocos semanas, la dirigencia del equipo \u201cGallego\u201d confirm\u00f3 que el olavarriense seguir\u00e1 dirigiendo el elenco trasandino en la m\u00e1xima categor\u00eda durante la temporada 2022-2023.<\/p>\n","protected":false},"excerpt":{"rendered":"<p>Espa\u00f1ol de Osorno festej\u00f3 el pasado fin de semana un nuevo t\u00edtulo bajo la direcci\u00f3n t\u00e9cnica de Marcelo Mac\u00edas al<\/p>\n","protected":false},"author":96739694,"featured_media":148764,"comment_status":"closed","ping_status":"closed","sticky":false,"template":"","format":"standard","meta":{"_jetpack_memberships_contains_paid_content":false,"footnotes":""},"categories":[31,42,1],"tags":[],"class_list":["post-148763","post","type-post","status-publish","format-standard","has-post-thumbnail","hentry","category-basquet","category-olavarrienses-en-lugares","category-portada"],"jetpack_featured_media_url":"https:\/\/i0.wp.com\/cdnoticias.com\/wp-content\/uploads\/2022\/09\/macias.png?fit=800%2C445&ssl=1","jetpack_sharing_enabled":true,"_links":{"self":[{"href":"https:\/\/cdnoticias.com\/index.php\/wp-json\/wp\/v2\/posts\/148763","targetHints":{"allow":["GET"]}}],"collection":[{"href":"https:\/\/cdnoticias.com\/index.php\/wp-json\/wp\/v2\/posts"}],"about":[{"href":"https:\/\/cdnoticias.com\/index.php\/wp-json\/wp\/v2\/types\/post"}],"author":[{"embeddable":true,"href":"https:\/\/cdnoticias.com\/index.php\/wp-json\/wp\/v2\/users\/96739694"}],"replies":[{"embeddable":true,"href":"https:\/\/cdnoticias.com\/index.php\/wp-json\/wp\/v2\/comments?post=148763"}],"version-history":[{"count":0,"href":"https:\/\/cdnoticias.com\/index.php\/wp-json\/wp\/v2\/posts\/148763\/revisions"}],"wp:featuredmedia":[{"embeddable":true,"href":"https:\/\/cdnoticias.com\/index.php\/wp-json\/wp\/v2\/media\/148764"}],"wp:attachment":[{"href":"https:\/\/cdnoticias.com\/index.php\/wp-json\/wp\/v2\/media?parent=148763"}],"wp:term":[{"taxonomy":"category","embeddable":true,"href":"https:\/\/cdnoticias.com\/index.php\/wp-json\/wp\/v2\/categories?post=148763"},{"taxonomy":"post_tag","embeddable":true,"href":"https:\/\/cdnoticias.com\/index.php\/wp-json\/wp\/v2\/tags?post=148763"}],"curies":[{"name":"wp","href":"https:\/\/api.w.org\/{rel}","templated":true}]}}