{"id":148761,"date":"2022-06-10T16:27:43","date_gmt":"2022-06-10T19:27:43","guid":{"rendered":"http:\/\/centraldeportes.com.ar\/?p=17573"},"modified":"2022-06-10T16:27:43","modified_gmt":"2022-06-10T19:27:43","slug":"matias-gonzalez-sera-el-pf-de-estudiantes","status":"publish","type":"post","link":"https:\/\/cdnoticias.com\/index.php\/2022\/06\/10\/matias-gonzalez-sera-el-pf-de-estudiantes\/","title":{"rendered":"Mat\u00edas Gonz\u00e1lez ser\u00e1 el PF de Estudiantes"},"content":{"rendered":"<p>Siguen las novedades en el f\u00fatbol de Estudiantes de cara a la segunda parte del a\u00f1o y se concret\u00f3 la llegada de Mat\u00edas Gonz\u00e1lez como preparador f\u00edsico de los planteles de Primera y Reserva.<\/p>\n<p><!--more--><\/p>\n<hr \/>\n<p>Mat\u00edas Gonz\u00e1lez es un profesor muy capacitado que puede otorgarle mucha profesionalidad al plantel. Es un viejo conocido del club ya que trabaja como coordinador en el gimnasio de pesas y en el sector de tenis con las dos promesas bataraces Francisco Correa Igui\u00f1iz y Agustina Tar\u00e1ntola.<\/p>\n<p>&nbsp;<\/p>\n<p>Este s\u00e1bado habr\u00e1 una reuni\u00f3n entre el nuevo cuerpo t\u00e9cnico y se definir\u00e1 el d\u00eda que se har\u00e1n cargo de los entrenamientos, que en principio ser\u00edan el mi\u00e9rcoles 15 de junio, aunque resta por confirmarse. Hasta dicha fecha, los entrenamientos de los planteles seguir\u00e1n al mando del coordinador de f\u00fatbol, Dardo Seibel.<\/p>\n<p>&nbsp;<\/p>\n<p>El f\u00fatbol bataraz va con todo de cara al Torneo de la Uni\u00f3n Deportiva, que ya es puntero de su zona y apuntar\u00e1 tambi\u00e9n al venidero Torneo Regional Amateur, sin dejar de lado la segunda parte del Torneo Local.<\/p>\n","protected":false},"excerpt":{"rendered":"<p>Siguen las novedades en el f\u00fatbol de Estudiantes de cara a la segunda parte del a\u00f1o y se concret\u00f3 la<\/p>\n","protected":false},"author":96739694,"featured_media":148762,"comment_status":"closed","ping_status":"closed","sticky":false,"template":"","format":"standard","meta":{"_jetpack_memberships_contains_paid_content":false,"footnotes":""},"categories":[35,1,41],"tags":[],"class_list":["post-148761","post","type-post","status-publish","format-standard","has-post-thumbnail","hentry","category-futbol","category-portada","category-primera-y-reserva"],"jetpack_featured_media_url":"https:\/\/i0.wp.com\/cdnoticias.com\/wp-content\/uploads\/2022\/06\/gonzalez.png?fit=800%2C445&ssl=1","jetpack_sharing_enabled":true,"_links":{"self":[{"href":"https:\/\/cdnoticias.com\/index.php\/wp-json\/wp\/v2\/posts\/148761","targetHints":{"allow":["GET"]}}],"collection":[{"href":"https:\/\/cdnoticias.com\/index.php\/wp-json\/wp\/v2\/posts"}],"about":[{"href":"https:\/\/cdnoticias.com\/index.php\/wp-json\/wp\/v2\/types\/post"}],"author":[{"embeddable":true,"href":"https:\/\/cdnoticias.com\/index.php\/wp-json\/wp\/v2\/users\/96739694"}],"replies":[{"embeddable":true,"href":"https:\/\/cdnoticias.com\/index.php\/wp-json\/wp\/v2\/comments?post=148761"}],"version-history":[{"count":0,"href":"https:\/\/cdnoticias.com\/index.php\/wp-json\/wp\/v2\/posts\/148761\/revisions"}],"wp:featuredmedia":[{"embeddable":true,"href":"https:\/\/cdnoticias.com\/index.php\/wp-json\/wp\/v2\/media\/148762"}],"wp:attachment":[{"href":"https:\/\/cdnoticias.com\/index.php\/wp-json\/wp\/v2\/media?parent=148761"}],"wp:term":[{"taxonomy":"category","embeddable":true,"href":"https:\/\/cdnoticias.com\/index.php\/wp-json\/wp\/v2\/categories?post=148761"},{"taxonomy":"post_tag","embeddable":true,"href":"https:\/\/cdnoticias.com\/index.php\/wp-json\/wp\/v2\/tags?post=148761"}],"curies":[{"name":"wp","href":"https:\/\/api.w.org\/{rel}","templated":true}]}}