{"id":148754,"date":"2022-09-13T00:19:55","date_gmt":"2022-09-13T03:19:55","guid":{"rendered":"http:\/\/centraldeportes.com.ar\/?p=22878"},"modified":"2022-09-13T00:19:55","modified_gmt":"2022-09-13T03:19:55","slug":"san-martin-volvio-a-la-primera-division-con-victoria","status":"publish","type":"post","link":"https:\/\/cdnoticias.com\/index.php\/2022\/09\/13\/san-martin-volvio-a-la-primera-division-con-victoria\/","title":{"rendered":"San Mart\u00edn volvi\u00f3 a la Primera Divisi\u00f3n con victoria"},"content":{"rendered":"<p>San Mart\u00edn volvi\u00f3 a lo grande a la Primera Divisi\u00f3n y cerrando la primera fecha del Torneo Clausura venci\u00f3 a El Fort\u00edn por 57 a 42.<!--more--><\/p>\n<hr \/>\n<p>No fue un buen partido de b\u00e1squet para el numeroso grupo de espectadores que se acercaron a ver el regreso del \u201cLe\u00f3n Serrano\u201d a la Primera Divisi\u00f3n de las competencias organizadas por la Asociaci\u00f3n de B\u00e1squet de Olavarr\u00eda, pero en las limitaciones de ambos elencos, fueron los locales los que estuvieron un poco m\u00e1s certeros.<\/p>\n<p>&nbsp;<\/p>\n<p>Las acciones en la noche del lunes empezaron parejas, con los dos equipos errando en demas\u00eda pero con los locales logrando una m\u00ednima diferencia y continuaron con una buena seguidilla para los dirigidos por Irineo Galli que se alejaron logrando algunos recuperos y corriendo a la cancha ante la poca efectividad de su rival.<\/p>\n<p>&nbsp;<\/p>\n<p>En la segunda parte, San Mart\u00edn logr\u00f3 una docena de puntos de ventaja de la mano de Mart\u00edn Santana que sum\u00f3 10 de los 18 puntos de su equipo y a pesar de que el \u201cFortinero\u201d reaccion\u00f3 en los \u00faltimos diez minutos logrando ponerse a cuatro unidades, sobre el final del cotejo fue todo para los locales que festejaron en el regreso a la m\u00e1xima divisi\u00f3n del b\u00e1squet olavarriense.<\/p>\n<p>&nbsp;<\/p>\n<p>S\u00edntesis San Mart\u00edn &#8211; El Fort\u00edn:<br \/>\nEstadio: San Mart\u00edn<br \/>\n\u00c1rbitros: Chantiri, A. y Su\u00e1rez, D.<br \/>\n<strong>San Martin (57): Coppero (15), Santana (20), Alveza (2), Sandoval (6), Carton (4) -FI- Duca (0), Funes, I. (0), Boado (4), Mar\u00edn (6). DT- Irineo Galli.<\/strong><br \/>\n<strong>El Fort\u00edn (42): Negretti (3), Sim\u00f3n (12), Fern\u00e1ndez (10), Vistalli (0), Ciuffetelli (6) -FI- Gonz\u00e1lez (0), Sequeira (1), Garc\u00e9s (8), Funes, A. (2). DT- Diego Lancione.<\/strong><br \/>\nParciales: 13 \u2013 11; 25 \u2013 17; 43 \u2013 30 y 57 \u2013 42.<\/p>\n","protected":false},"excerpt":{"rendered":"<p>San Mart\u00edn volvi\u00f3 a lo grande a la Primera Divisi\u00f3n y cerrando la primera fecha del Torneo Clausura venci\u00f3 a<\/p>\n","protected":false},"author":96739694,"featured_media":148755,"comment_status":"closed","ping_status":"closed","sticky":false,"template":"","format":"standard","meta":{"_jetpack_memberships_contains_paid_content":false,"footnotes":""},"categories":[31,1,43],"tags":[],"class_list":["post-148754","post","type-post","status-publish","format-standard","has-post-thumbnail","hentry","category-basquet","category-portada","category-primera"],"jetpack_featured_media_url":"https:\/\/i0.wp.com\/cdnoticias.com\/wp-content\/uploads\/2022\/09\/san-martin.png?fit=1280%2C853&ssl=1","jetpack_sharing_enabled":true,"_links":{"self":[{"href":"https:\/\/cdnoticias.com\/index.php\/wp-json\/wp\/v2\/posts\/148754","targetHints":{"allow":["GET"]}}],"collection":[{"href":"https:\/\/cdnoticias.com\/index.php\/wp-json\/wp\/v2\/posts"}],"about":[{"href":"https:\/\/cdnoticias.com\/index.php\/wp-json\/wp\/v2\/types\/post"}],"author":[{"embeddable":true,"href":"https:\/\/cdnoticias.com\/index.php\/wp-json\/wp\/v2\/users\/96739694"}],"replies":[{"embeddable":true,"href":"https:\/\/cdnoticias.com\/index.php\/wp-json\/wp\/v2\/comments?post=148754"}],"version-history":[{"count":0,"href":"https:\/\/cdnoticias.com\/index.php\/wp-json\/wp\/v2\/posts\/148754\/revisions"}],"wp:featuredmedia":[{"embeddable":true,"href":"https:\/\/cdnoticias.com\/index.php\/wp-json\/wp\/v2\/media\/148755"}],"wp:attachment":[{"href":"https:\/\/cdnoticias.com\/index.php\/wp-json\/wp\/v2\/media?parent=148754"}],"wp:term":[{"taxonomy":"category","embeddable":true,"href":"https:\/\/cdnoticias.com\/index.php\/wp-json\/wp\/v2\/categories?post=148754"},{"taxonomy":"post_tag","embeddable":true,"href":"https:\/\/cdnoticias.com\/index.php\/wp-json\/wp\/v2\/tags?post=148754"}],"curies":[{"name":"wp","href":"https:\/\/api.w.org\/{rel}","templated":true}]}}