{"id":148746,"date":"2022-09-13T12:45:52","date_gmt":"2022-09-13T15:45:52","guid":{"rendered":"http:\/\/centraldeportes.com.ar\/?p=22981"},"modified":"2022-09-13T12:45:52","modified_gmt":"2022-09-13T15:45:52","slug":"las-carboneras-se-divirtieron-en-su-media-day-las-imagenes","status":"publish","type":"post","link":"https:\/\/cdnoticias.com\/index.php\/2022\/09\/13\/las-carboneras-se-divirtieron-en-su-media-day-las-imagenes\/","title":{"rendered":"Las \u201cCarboneras\u201d se divirtieron en su Media Day: las im\u00e1genes"},"content":{"rendered":"<p>Ferro debut\u00f3 con triunfo en el Torneo Pre Federal Femenino de Clubes, pero en la previa disfrut\u00f3 de la jornada fotogr\u00e1fica donde tambi\u00e9n se present\u00f3 la indumentaria.<\/p>\n<p><!--more--><\/p>\n<hr \/>\n<p>[soliloquy id=&#8221;22961&#8243;]<\/p>\n<p>&nbsp;<\/p>\n<p>Las \u201cCarboneras\u201d tuvieron su Media Day <strong>a cargo de Central de Deportes<\/strong>, se divirtieron durante m\u00e1s de 60 minutos y adem\u00e1s <strong>oficializaron la ropa<\/strong> que empezaron a usar con <a href=\"https:\/\/cdnoticias.com\/ferro-gano-en-su-casa-y-debuto-con-una-sonrisa-en-el-pre-federal\/\">victoria ante Reconquista<\/a> en la competencia provincial.<\/p>\n<p>&nbsp;<\/p>\n<p>He aqu\u00ed el resultado de las mejores fotos de las olavarrienses:<\/p>\n<p>&nbsp;<\/p>\n<p>[soliloquy id=&#8221;22883&#8243;]<\/p>\n","protected":false},"excerpt":{"rendered":"<p>Ferro debut\u00f3 con triunfo en el Torneo Pre Federal Femenino de Clubes, pero en la previa disfrut\u00f3 de la jornada<\/p>\n","protected":false},"author":96739694,"featured_media":148747,"comment_status":"closed","ping_status":"closed","sticky":false,"template":"","format":"standard","meta":{"_jetpack_memberships_contains_paid_content":false,"footnotes":""},"categories":[31,1,60],"tags":[],"class_list":["post-148746","post","type-post","status-publish","format-standard","has-post-thumbnail","hentry","category-basquet","category-portada","category-torneo-pre-federal"],"jetpack_featured_media_url":"https:\/\/i0.wp.com\/cdnoticias.com\/wp-content\/uploads\/2022\/09\/mediaday-ferro-prefed-74.png?fit=1280%2C853&ssl=1","jetpack_sharing_enabled":true,"_links":{"self":[{"href":"https:\/\/cdnoticias.com\/index.php\/wp-json\/wp\/v2\/posts\/148746","targetHints":{"allow":["GET"]}}],"collection":[{"href":"https:\/\/cdnoticias.com\/index.php\/wp-json\/wp\/v2\/posts"}],"about":[{"href":"https:\/\/cdnoticias.com\/index.php\/wp-json\/wp\/v2\/types\/post"}],"author":[{"embeddable":true,"href":"https:\/\/cdnoticias.com\/index.php\/wp-json\/wp\/v2\/users\/96739694"}],"replies":[{"embeddable":true,"href":"https:\/\/cdnoticias.com\/index.php\/wp-json\/wp\/v2\/comments?post=148746"}],"version-history":[{"count":0,"href":"https:\/\/cdnoticias.com\/index.php\/wp-json\/wp\/v2\/posts\/148746\/revisions"}],"wp:featuredmedia":[{"embeddable":true,"href":"https:\/\/cdnoticias.com\/index.php\/wp-json\/wp\/v2\/media\/148747"}],"wp:attachment":[{"href":"https:\/\/cdnoticias.com\/index.php\/wp-json\/wp\/v2\/media?parent=148746"}],"wp:term":[{"taxonomy":"category","embeddable":true,"href":"https:\/\/cdnoticias.com\/index.php\/wp-json\/wp\/v2\/categories?post=148746"},{"taxonomy":"post_tag","embeddable":true,"href":"https:\/\/cdnoticias.com\/index.php\/wp-json\/wp\/v2\/tags?post=148746"}],"curies":[{"name":"wp","href":"https:\/\/api.w.org\/{rel}","templated":true}]}}