{"id":148744,"date":"2022-06-10T19:13:07","date_gmt":"2022-06-10T22:13:07","guid":{"rendered":"http:\/\/centraldeportes.com.ar\/?p=17588"},"modified":"2022-06-10T19:13:07","modified_gmt":"2022-06-10T22:13:07","slug":"alejandro-diez-entreno-con-las-mas-chiquitas-de-ferro","status":"publish","type":"post","link":"https:\/\/cdnoticias.com\/index.php\/2022\/06\/10\/alejandro-diez-entreno-con-las-mas-chiquitas-de-ferro\/","title":{"rendered":"Alejandro Diez entren\u00f3 con las m\u00e1s chiquitas de Ferro"},"content":{"rendered":"<p>El basquetbolista profesional olavarriense entren\u00f3 d\u00edas atr\u00e1s con las basquetbolistas m\u00e1s chiquitas de Ferro.<\/p>\n<p><!--more--><\/p>\n<hr \/>\n<p>Deportistas de la categor\u00eda Minib\u00e1squet del Club Ferro compartieron el \u00faltimo entrenamiento con Alejandro Diez.<\/p>\n<p>&nbsp;<\/p>\n<p>El jugador que jug\u00f3 la \u00faltima temporada en Comunicaciones visit\u00f3 el De la Vega aprovechando su estad\u00eda en la Ciudad y entren\u00f3 con las \u201cCarboneras\u201d que en la continuidad del Torneo Preparaci\u00f3n enfrentar\u00e1n a San Mart\u00edn el venidero domingo.<\/p>\n","protected":false},"excerpt":{"rendered":"<p>El basquetbolista profesional olavarriense entren\u00f3 d\u00edas atr\u00e1s con las basquetbolistas m\u00e1s chiquitas de Ferro.<\/p>\n","protected":false},"author":96739694,"featured_media":148745,"comment_status":"closed","ping_status":"closed","sticky":false,"template":"","format":"standard","meta":{"_jetpack_memberships_contains_paid_content":false,"footnotes":""},"categories":[31,58,1],"tags":[],"class_list":["post-148744","post","type-post","status-publish","format-standard","has-post-thumbnail","hentry","category-basquet","category-femenino-basquet","category-portada"],"jetpack_featured_media_url":"https:\/\/i0.wp.com\/cdnoticias.com\/wp-content\/uploads\/2022\/06\/WhatsApp-Image-2022-06-10-at-7.11.38-PM.jpeg?fit=719%2C404&ssl=1","jetpack_sharing_enabled":true,"_links":{"self":[{"href":"https:\/\/cdnoticias.com\/index.php\/wp-json\/wp\/v2\/posts\/148744","targetHints":{"allow":["GET"]}}],"collection":[{"href":"https:\/\/cdnoticias.com\/index.php\/wp-json\/wp\/v2\/posts"}],"about":[{"href":"https:\/\/cdnoticias.com\/index.php\/wp-json\/wp\/v2\/types\/post"}],"author":[{"embeddable":true,"href":"https:\/\/cdnoticias.com\/index.php\/wp-json\/wp\/v2\/users\/96739694"}],"replies":[{"embeddable":true,"href":"https:\/\/cdnoticias.com\/index.php\/wp-json\/wp\/v2\/comments?post=148744"}],"version-history":[{"count":0,"href":"https:\/\/cdnoticias.com\/index.php\/wp-json\/wp\/v2\/posts\/148744\/revisions"}],"wp:featuredmedia":[{"embeddable":true,"href":"https:\/\/cdnoticias.com\/index.php\/wp-json\/wp\/v2\/media\/148745"}],"wp:attachment":[{"href":"https:\/\/cdnoticias.com\/index.php\/wp-json\/wp\/v2\/media?parent=148744"}],"wp:term":[{"taxonomy":"category","embeddable":true,"href":"https:\/\/cdnoticias.com\/index.php\/wp-json\/wp\/v2\/categories?post=148744"},{"taxonomy":"post_tag","embeddable":true,"href":"https:\/\/cdnoticias.com\/index.php\/wp-json\/wp\/v2\/tags?post=148744"}],"curies":[{"name":"wp","href":"https:\/\/api.w.org\/{rel}","templated":true}]}}