{"id":14874,"date":"2021-02-27T14:49:25","date_gmt":"2021-02-27T17:49:25","guid":{"rendered":"http:\/\/www.centraldenoticias.com.ar\/?p=14874"},"modified":"2021-02-27T16:57:51","modified_gmt":"2021-02-27T19:57:51","slug":"el-ciclo-lectivo-con-corresponsabilidad-los-cuidados-en-el-regreso-presencial","status":"publish","type":"post","link":"https:\/\/cdnoticias.com\/index.php\/2021\/02\/27\/el-ciclo-lectivo-con-corresponsabilidad-los-cuidados-en-el-regreso-presencial\/","title":{"rendered":"El ciclo lectivo con \u201ccorresponsabilidad\u201d: los cuidados en el regreso presencial"},"content":{"rendered":"<p>Lo defini\u00f3 Mar\u00eda Alejandra Longo, la directora de la Secundaria 8. La organizaci\u00f3n de los cursos, las burbujas y el uso de los espacios. El mensaje de las familias y la preocupaci\u00f3n por la salud.<!--more--><\/p>\n<hr \/>\n<p>\u201c<strong>Desde que retomamos el 1\u00ba de febrero, todos los equipos directivos de todas las escuelas, estamos acompa\u00f1\u00e1ndonos mucho con las autoridades<\/strong> nuestras para ver c\u00f3mo pensar las escuelas, c\u00f3mo iban a ser los formatos de cursada, leer el protocolo -que despu\u00e9s se fue ampliando-, siempre vamos recibiendo novedades en cuanto a la situaci\u00f3n sanitaria\u201d. El panorama del regreso a las clases presenciales en el \u00e1mbito local lo plante\u00f3 <strong>Mar\u00eda Alejandra Longo, directora de la Escuela Secundaria N.\u00ba 8<\/strong> en una entrevista que brind\u00f3 al <strong>programa \u201cYa Fue\u201d que se emite por FM 99.9 de lunes a viernes de 17 a 21<\/strong>.<\/p>\n<p>Los estudiantes regresaron a la ES N.\u00ba 8 el 17 de febrero con el <strong>ciclo de intensificaci\u00f3n de conocimientos<\/strong> y de manera masiva lo har\u00e1n el lunes 8 de marzo.<\/p>\n<p>\u00bfC\u00f3mo ser\u00e1 el ciclo lectivo 2021? \u201c<strong>Va a ser una cursada semi presencial, o combinada<\/strong>. Tiene que ver con garantizar cuatro horas de presencialidad, en lo posible, a los grupos. En caso de que el docente est\u00e9 con dispensas, quiere decir esto con situaciones de riesgo, con familiares en situaci\u00f3n de riesgo, que no pueden estar de manera presencial en la escuela, o estudiantes que tambi\u00e9n est\u00e9n con una situaci\u00f3n de salud o con familiares que no puedan estar en la escuela, que no pueden concurrir para no contagiar, en estas situaciones hay un formato de virtualidad que sigue, por eso es combinada\u201d indic\u00f3.<\/p>\n<p>A diferencia del a\u00f1o pasado, si bien habr\u00e1 dictados de clases virtuales, el hecho de que la sede escolar est\u00e9 abierta <strong>facilitar\u00e1 los contactos entre estudiantes y docentes<\/strong>.<\/p>\n<p><img data-recalc-dims=\"1\" loading=\"lazy\" decoding=\"async\" class=\"aligncenter wp-image-14876 size-full\" src=\"https:\/\/i0.wp.com\/cdnoticias.com\/wp-content\/uploads\/2021\/02\/escuela-secundaria-8-w1.jpg?resize=800%2C445&#038;ssl=1\" alt=\"\" width=\"800\" height=\"445\" srcset=\"https:\/\/i0.wp.com\/cdnoticias.com\/wp-content\/uploads\/2021\/02\/escuela-secundaria-8-w1.jpg?w=800&amp;ssl=1 800w, https:\/\/i0.wp.com\/cdnoticias.com\/wp-content\/uploads\/2021\/02\/escuela-secundaria-8-w1.jpg?resize=300%2C167&amp;ssl=1 300w, https:\/\/i0.wp.com\/cdnoticias.com\/wp-content\/uploads\/2021\/02\/escuela-secundaria-8-w1.jpg?resize=768%2C427&amp;ssl=1 768w\" sizes=\"auto, (max-width: 800px) 100vw, 800px\" \/><\/p>\n<p>Para dar paso a esta nueva etapa \u201c<strong>cada escuela fue analizando su situaci\u00f3n<\/strong>, hay escuelas que en cuestiones de infraestructura est\u00e1n trabajando fuertemente, otras quiz\u00e1s con mayor lugar, como nuestra escuela, que es grande, fue ver <strong>c\u00f3mo acomodarlos en las aulas, hasta cu\u00e1ntos estudiantes<\/strong> con la diferencia de metro y medio entre ellos y dos metros con los profesores\u201d.<\/p>\n<p>Longo destac\u00f3 que en la sede de Sa\u00e9nz Pe\u00f1a y Brown hicieron <strong>\u201ctoda esa log\u00edstica\u201d<\/strong> que incluy\u00f3 se\u00f1alizar debajo de las sillas para saber d\u00f3nde ubicarlas, prever sanitizantes en todas las aulas, tomar la temperatura cuando ingresan, definir las puertas a habilitar para ingreso y egreso.<\/p>\n<p>Con estas tareas, se organiz\u00f3 el regreso de <strong>\u201c27 divisiones conviviendo en el mismo turno\u201d<\/strong> dijo para profundizar en la importancia de \u201cpensar adem\u00e1s la simultaneidad de tantos grupos\u201d.<\/p>\n<blockquote><p>\u201cUno trata de poner lo mejor, y a la vez con preocupaci\u00f3n de que est\u00e9n cuidados los chicos, los docentes, todos los que estamos, con el mayor cuidado posible\u201d enfatiz\u00f3 la directora.<\/p><\/blockquote>\n<p><strong>Burbujas<\/strong><\/p>\n<p>En la Secundaria 8, los profesores en cada curso tendr\u00e1n mayormente <strong>dos burbujas de 15 o 16 estudiantes<\/strong>. \u201cUno cursa una semana y el otro descansa, se va alternando\u201d explic\u00f3.<\/p>\n<p>En la semana que los estudiantes no concurren al establecimiento tendr\u00e1n tarea para completar y entregar. Y a su vez, est\u00e1 la posibilidad de sumar clases virtuales.<\/p>\n<p>Adem\u00e1s, Alejandra Longo coment\u00f3 la novedad que se dio este a\u00f1o con la <strong>\u201cdesignaci\u00f3n de profesores para el plan de fortalecimiento\u201d con esa dedicaci\u00f3n exclusiva<\/strong>. Este apoyo continuar\u00e1 \u201cen paralelo con el profe que est\u00e1 en la presencialidad para que el 31 de marzo terminen la cursada 2020\u201d.<\/p>\n<p><img data-recalc-dims=\"1\" loading=\"lazy\" decoding=\"async\" class=\"aligncenter wp-image-14877 size-full\" src=\"https:\/\/i0.wp.com\/cdnoticias.com\/wp-content\/uploads\/2021\/02\/escuela-secundaria-8-w2.jpg?resize=800%2C445&#038;ssl=1\" alt=\"\" width=\"800\" height=\"445\" srcset=\"https:\/\/i0.wp.com\/cdnoticias.com\/wp-content\/uploads\/2021\/02\/escuela-secundaria-8-w2.jpg?w=800&amp;ssl=1 800w, https:\/\/i0.wp.com\/cdnoticias.com\/wp-content\/uploads\/2021\/02\/escuela-secundaria-8-w2.jpg?resize=300%2C167&amp;ssl=1 300w, https:\/\/i0.wp.com\/cdnoticias.com\/wp-content\/uploads\/2021\/02\/escuela-secundaria-8-w2.jpg?resize=768%2C427&amp;ssl=1 768w\" sizes=\"auto, (max-width: 800px) 100vw, 800px\" \/><\/p>\n<p><strong>Conocer la escuela<\/strong><\/p>\n<p>Un aspecto que plante\u00f3 la directora acerca del regreso a clases, es la experiencia que tendr\u00e1n los estudiantes que hicieron primer a\u00f1o en 2020.<\/p>\n<p>\u201c<strong>Los chicos que el a\u00f1o pasado han cursado el primer a\u00f1o no nos conocen, no conocen la escuela.<\/strong> Ha sido todo virtual para los chicos que ahora est\u00e1n en segundo\u201d coment\u00f3 para subrayar que el pr\u00f3ximo lunes llegar\u00e1n para \u201cconocer la escuela\u201d, igual situaci\u00f3n se da en Primaria y Secundaria.<\/p>\n<p>\u201cTodo ese reconocimiento y recibimiento que antes uno lo hac\u00eda con m\u00e1s tiempo, <strong>hoy hay que ir con calma<\/strong> y no perder de vista el cuidado de la salud\u201d manifest\u00f3.<\/p>\n<p><strong>Preocupaci\u00f3n y cuidados<\/strong><\/p>\n<blockquote><p>Longo tuvo en cuenta que \u201clas mayores preocupaciones que comparten por ahora las familias es si tienen un familiar con riesgo en la casa, c\u00f3mo hacer la cursada. En general la familia acompa\u00f1a mucho y quiere estar en la escuela\u201d. En ese marco, plante\u00f3 que \u201cse van a agotar todas las instancias de cuidado posible\u201d.<\/p><\/blockquote>\n<p>Para la directora \u201c<strong>no hay que forzar la presencialidad<\/strong> si a una familia le preocupa alg\u00fan tema de salud\u201d y apost\u00f3 por la importancia de \u201cestar comunicados y cuid\u00e1ndonos\u201d.<\/p>\n<p>En el cierre sostuvo que \u201cnos preparamos para el 8 de marzo con la mayor responsabilidad y compromiso que tenemos con nuestros j\u00f3venes y la familia. <strong>Para trabajar, como decimos nosotros, en corresponsabilidad, trabajar juntos<\/strong>\u201d.<\/p>\n","protected":false},"excerpt":{"rendered":"<p>Lo defini\u00f3 Mar\u00eda Alejandra Longo, la directora de la Secundaria 8. La organizaci\u00f3n de los cursos, las burbujas y el<\/p>\n","protected":false},"author":4,"featured_media":14878,"comment_status":"closed","ping_status":"closed","sticky":false,"template":"","format":"standard","meta":{"_jetpack_memberships_contains_paid_content":false,"footnotes":""},"categories":[5,1],"tags":[],"class_list":["post-14874","post","type-post","status-publish","format-standard","has-post-thumbnail","hentry","category-informacion-general","category-portada"],"jetpack_featured_media_url":"https:\/\/i0.wp.com\/cdnoticias.com\/wp-content\/uploads\/2021\/02\/escuela-secundaria-8-w0.jpg?fit=800%2C445&ssl=1","jetpack_sharing_enabled":true,"_links":{"self":[{"href":"https:\/\/cdnoticias.com\/index.php\/wp-json\/wp\/v2\/posts\/14874","targetHints":{"allow":["GET"]}}],"collection":[{"href":"https:\/\/cdnoticias.com\/index.php\/wp-json\/wp\/v2\/posts"}],"about":[{"href":"https:\/\/cdnoticias.com\/index.php\/wp-json\/wp\/v2\/types\/post"}],"author":[{"embeddable":true,"href":"https:\/\/cdnoticias.com\/index.php\/wp-json\/wp\/v2\/users\/4"}],"replies":[{"embeddable":true,"href":"https:\/\/cdnoticias.com\/index.php\/wp-json\/wp\/v2\/comments?post=14874"}],"version-history":[{"count":0,"href":"https:\/\/cdnoticias.com\/index.php\/wp-json\/wp\/v2\/posts\/14874\/revisions"}],"wp:featuredmedia":[{"embeddable":true,"href":"https:\/\/cdnoticias.com\/index.php\/wp-json\/wp\/v2\/media\/14878"}],"wp:attachment":[{"href":"https:\/\/cdnoticias.com\/index.php\/wp-json\/wp\/v2\/media?parent=14874"}],"wp:term":[{"taxonomy":"category","embeddable":true,"href":"https:\/\/cdnoticias.com\/index.php\/wp-json\/wp\/v2\/categories?post=14874"},{"taxonomy":"post_tag","embeddable":true,"href":"https:\/\/cdnoticias.com\/index.php\/wp-json\/wp\/v2\/tags?post=14874"}],"curies":[{"name":"wp","href":"https:\/\/api.w.org\/{rel}","templated":true}]}}