{"id":148697,"date":"2022-06-09T14:24:37","date_gmt":"2022-06-09T17:24:37","guid":{"rendered":"http:\/\/centraldeportes.com.ar\/?p=17501"},"modified":"2022-06-09T14:24:37","modified_gmt":"2022-06-09T17:24:37","slug":"duilio-botella-sera-el-director-tecnico-de-estudiantes","status":"publish","type":"post","link":"https:\/\/cdnoticias.com\/index.php\/2022\/06\/09\/duilio-botella-sera-el-director-tecnico-de-estudiantes\/","title":{"rendered":"Duilio Botella ser\u00e1 el Director T\u00e9cnico de Estudiantes"},"content":{"rendered":"<p>En las \u00faltimas horas Estudiantes cerr\u00f3 condiciones con el experimentado entrenador marplatense, Duilio Botella y en los pr\u00f3ximos d\u00edas los planteles de Primera y Reserva se pondr\u00e1n a sus \u00f3rdenes.<\/p>\n<p><!--more--><\/p>\n<hr \/>\n<p>Botella estar\u00e1 acompa\u00f1ado t\u00e9cnicamente de Nicol\u00e1s Serantes y juntos ser\u00e1n quienes conduzcan a Estudiantes en las tres competencias, el Torneo Local, el Interligas y el venidero Regional Amateur del cual el bataraz ya cuenta con licencia deportiva para participar.<\/p>\n<p>&nbsp;<\/p>\n<p>En su anterior paso por Olavarr\u00eda, Duilio Botella estuvo al mando de Racing en el \u00faltimo Regional Amateur.<\/p>\n<p>&nbsp;<\/p>\n<p>Entre algunos equipos que dirigi\u00f3 se encuentran, Alvarado, Santamarina y Gimnasia y Tiro de Salta.<\/p>\n","protected":false},"excerpt":{"rendered":"<p>En las \u00faltimas horas Estudiantes cerr\u00f3 condiciones con el experimentado entrenador marplatense, Duilio Botella y en los pr\u00f3ximos d\u00edas los<\/p>\n","protected":false},"author":96739694,"featured_media":148698,"comment_status":"closed","ping_status":"closed","sticky":false,"template":"","format":"standard","meta":{"_jetpack_memberships_contains_paid_content":false,"footnotes":""},"categories":[35,1,41],"tags":[],"class_list":["post-148697","post","type-post","status-publish","format-standard","has-post-thumbnail","hentry","category-futbol","category-portada","category-primera-y-reserva"],"jetpack_featured_media_url":"https:\/\/i0.wp.com\/cdnoticias.com\/wp-content\/uploads\/2022\/06\/WhatsApp-Image-2022-06-09-at-9.40.06-AM.jpeg?fit=750%2C554&ssl=1","jetpack_sharing_enabled":true,"_links":{"self":[{"href":"https:\/\/cdnoticias.com\/index.php\/wp-json\/wp\/v2\/posts\/148697","targetHints":{"allow":["GET"]}}],"collection":[{"href":"https:\/\/cdnoticias.com\/index.php\/wp-json\/wp\/v2\/posts"}],"about":[{"href":"https:\/\/cdnoticias.com\/index.php\/wp-json\/wp\/v2\/types\/post"}],"author":[{"embeddable":true,"href":"https:\/\/cdnoticias.com\/index.php\/wp-json\/wp\/v2\/users\/96739694"}],"replies":[{"embeddable":true,"href":"https:\/\/cdnoticias.com\/index.php\/wp-json\/wp\/v2\/comments?post=148697"}],"version-history":[{"count":0,"href":"https:\/\/cdnoticias.com\/index.php\/wp-json\/wp\/v2\/posts\/148697\/revisions"}],"wp:featuredmedia":[{"embeddable":true,"href":"https:\/\/cdnoticias.com\/index.php\/wp-json\/wp\/v2\/media\/148698"}],"wp:attachment":[{"href":"https:\/\/cdnoticias.com\/index.php\/wp-json\/wp\/v2\/media?parent=148697"}],"wp:term":[{"taxonomy":"category","embeddable":true,"href":"https:\/\/cdnoticias.com\/index.php\/wp-json\/wp\/v2\/categories?post=148697"},{"taxonomy":"post_tag","embeddable":true,"href":"https:\/\/cdnoticias.com\/index.php\/wp-json\/wp\/v2\/tags?post=148697"}],"curies":[{"name":"wp","href":"https:\/\/api.w.org\/{rel}","templated":true}]}}