{"id":148638,"date":"2022-09-10T11:27:13","date_gmt":"2022-09-10T14:27:13","guid":{"rendered":"http:\/\/centraldeportes.com.ar\/?p=22625"},"modified":"2022-09-10T11:27:13","modified_gmt":"2022-09-10T14:27:13","slug":"olavarrienses-en-el-ring-hubo-victoria-empate-y-derrota","status":"publish","type":"post","link":"https:\/\/cdnoticias.com\/index.php\/2022\/09\/10\/olavarrienses-en-el-ring-hubo-victoria-empate-y-derrota\/","title":{"rendered":"Olavarrienses en el ring: hubo victoria, empate y derrota"},"content":{"rendered":"<p>Tres pugilistas amateur de nuestra ciudad tuvieron actividad este viernes en dos ciudades bonaerenses y hubo un festejo, un empate y una derrota.<!--more--><\/p>\n<hr \/>\n<p>Franco Cejas, Facundo Far\u00edas e Iara Benito fueron animadores de distintos festivales, uno de ellos en Tres Arroyos y el otro en Benito Ju\u00e1rez.<\/p>\n<p>&nbsp;<\/p>\n<p>En la cancha de b\u00e1squet de Club de Pelota bajo la organizaci\u00f3n de Mario Cepeda, desde su Escuela de Boxeo Siglo XXI, festej\u00f3 Franco Cejas (Dar\u00edo Olivetto, Oto Box) que venci\u00f3 en fallo un\u00e1nime al local Alex Tomalino (profesor Facundo Prado).<\/p>\n<p>&nbsp;<\/p>\n<p>No corri\u00f3 la misma suerte Far\u00edas que en la pelea de fondo cay\u00f3 por knock-out en el segundo round ante el local Luciano Vill\u00e1n (profesor Hugo &#8220;Ruso&#8221; Vester).<\/p>\n<p>&nbsp;<\/p>\n<p>A Benito Ju\u00e1rez viaj\u00f3 la promisoria cadete Iara &#8220;La P\u00edcara&#8221; Benito (Fabian Benito Box, que entrena junto a Hugo Marin en Sociedad de Fomento Amparo Castro) y se enfrent\u00f3 a la necochense Roc\u00edo Prada (Gimnasio Necochea Box) y fue empate finalizado los tres rounds.<\/p>\n<p>&nbsp;<\/p>\n<div style=\"width: 352px;\" class=\"wp-video\"><!--[if lt IE 9]><script>document.createElement('video');<\/script><![endif]-->\n<video class=\"wp-video-shortcode\" id=\"video-148638-1\" width=\"352\" height=\"640\" preload=\"metadata\" controls=\"controls\"><source type=\"video\/mp4\" src=\"http:\/\/centraldeportes.com.ar\/wp-content\/uploads\/2022\/09\/VID-20220910-WA0000.mp4?_=1\" \/><a href=\"http:\/\/centraldeportes.com.ar\/wp-content\/uploads\/2022\/09\/VID-20220910-WA0000.mp4\">http:\/\/centraldeportes.com.ar\/wp-content\/uploads\/2022\/09\/VID-20220910-WA0000.mp4<\/a><\/video><\/div>\n<p>&nbsp;<\/p>\n<p>Finalmente, Franco Teves (Dar\u00edo Olivetto, Oto Box) tendr\u00e1 acci\u00f3n en Bah\u00eda Blanca el venidero domingo. Ser\u00e1 en el Polideportivo Norte ante el bahiense Carlos Moyano de La Joya Box.<\/p>\n","protected":false},"excerpt":{"rendered":"<p>Tres pugilistas amateur de nuestra ciudad tuvieron actividad este viernes en dos ciudades bonaerenses y hubo un festejo, un empate<\/p>\n","protected":false},"author":96739694,"featured_media":148640,"comment_status":"closed","ping_status":"closed","sticky":false,"template":"","format":"standard","meta":{"_jetpack_memberships_contains_paid_content":false,"footnotes":""},"categories":[30,1],"tags":[],"class_list":["post-148638","post","type-post","status-publish","format-standard","has-post-thumbnail","hentry","category-polideportivo","category-portada"],"jetpack_featured_media_url":"https:\/\/i0.wp.com\/cdnoticias.com\/wp-content\/uploads\/2022\/09\/WhatsApp-Image-2022-09-10-at-03.18.45-e1662820016718.jpeg?fit=1200%2C716&ssl=1","jetpack_sharing_enabled":true,"_links":{"self":[{"href":"https:\/\/cdnoticias.com\/index.php\/wp-json\/wp\/v2\/posts\/148638","targetHints":{"allow":["GET"]}}],"collection":[{"href":"https:\/\/cdnoticias.com\/index.php\/wp-json\/wp\/v2\/posts"}],"about":[{"href":"https:\/\/cdnoticias.com\/index.php\/wp-json\/wp\/v2\/types\/post"}],"author":[{"embeddable":true,"href":"https:\/\/cdnoticias.com\/index.php\/wp-json\/wp\/v2\/users\/96739694"}],"replies":[{"embeddable":true,"href":"https:\/\/cdnoticias.com\/index.php\/wp-json\/wp\/v2\/comments?post=148638"}],"version-history":[{"count":0,"href":"https:\/\/cdnoticias.com\/index.php\/wp-json\/wp\/v2\/posts\/148638\/revisions"}],"wp:featuredmedia":[{"embeddable":true,"href":"https:\/\/cdnoticias.com\/index.php\/wp-json\/wp\/v2\/media\/148640"}],"wp:attachment":[{"href":"https:\/\/cdnoticias.com\/index.php\/wp-json\/wp\/v2\/media?parent=148638"}],"wp:term":[{"taxonomy":"category","embeddable":true,"href":"https:\/\/cdnoticias.com\/index.php\/wp-json\/wp\/v2\/categories?post=148638"},{"taxonomy":"post_tag","embeddable":true,"href":"https:\/\/cdnoticias.com\/index.php\/wp-json\/wp\/v2\/tags?post=148638"}],"curies":[{"name":"wp","href":"https:\/\/api.w.org\/{rel}","templated":true}]}}