{"id":148634,"date":"2022-09-10T16:17:02","date_gmt":"2022-09-10T19:17:02","guid":{"rendered":"http:\/\/centraldeportes.com.ar\/?p=22629"},"modified":"2022-09-10T16:17:02","modified_gmt":"2022-09-10T19:17:02","slug":"patin-carrera-destacada-presentacion-de-el-fortin-en-neuquen","status":"publish","type":"post","link":"https:\/\/cdnoticias.com\/index.php\/2022\/09\/10\/patin-carrera-destacada-presentacion-de-el-fortin-en-neuquen\/","title":{"rendered":"Pat\u00edn Carrera: destacada presentaci\u00f3n de El Fort\u00edn en Neuqu\u00e9n"},"content":{"rendered":"<p>La Escuela de Pat\u00edn Carrera de El Fort\u00edn complet\u00f3 una nueva buena actuaci\u00f3n en la Liga Nacional que se llev\u00f3 a cabo el pasado fin de semana en Neuqu\u00e9n.<!--more--><\/p>\n<hr \/>\n<p>Diecisiete patinadores \u201cFortineros\u201d lograron destacadas actuaciones en el certamen nacional y con una gran cantidad de puntos en la tabla de posiciones, obtuvieron el tercer lugar del podio.<\/p>\n<p>&nbsp;<\/p>\n<p>Dentro de la categor\u00eda Escuela compitieron: Naom\u00ed Farra, Priscila Rivarola, Ambar Guardi, Noa Farra, Dante Rosetti, Violetta Bustamante, Angelina Rakoczi, Amelie Chamberlain, Milo Casta\u00f1ares, Lucila Rakoczi, Kiliana Jerez, Mirari Bourguez N\u00fa\u00f1ez, Bautista Rakoczi, Jimena Rivas, Sabrina Rivarola, Oscar Bustamante y Nicol\u00e1s Rakoczi y en la categor\u00eda Federada dijeron presente Lourdes Leal y Florencia Barreto.<\/p>\n<p>&nbsp;<\/p>\n<p>Las patinadoras federadas\u00a0disputaron dos distancias de medio fondo y dos de velocidad, finalizando en la 15\u00b0 posici\u00f3n Barreto y 20\u00b0 Leal.<\/p>\n<p>&nbsp;<\/p>\n<p>Todo la delegaci\u00f3n estuvo acompa\u00f1ada por la entrenadora Natalia Istillarte.<\/p>\n<p>&nbsp;<\/p>\n","protected":false},"excerpt":{"rendered":"<p>La Escuela de Pat\u00edn Carrera de El Fort\u00edn complet\u00f3 una nueva buena actuaci\u00f3n en la Liga Nacional que se llev\u00f3<\/p>\n","protected":false},"author":96739694,"featured_media":148635,"comment_status":"closed","ping_status":"closed","sticky":false,"template":"","format":"standard","meta":{"_jetpack_memberships_contains_paid_content":false,"footnotes":""},"categories":[30,1],"tags":[],"class_list":["post-148634","post","type-post","status-publish","format-standard","has-post-thumbnail","hentry","category-polideportivo","category-portada"],"jetpack_featured_media_url":"https:\/\/i0.wp.com\/cdnoticias.com\/wp-content\/uploads\/2022\/09\/304866961_478476204287585_5600457250077671249_n.jpg?fit=780%2C780&ssl=1","jetpack_sharing_enabled":true,"_links":{"self":[{"href":"https:\/\/cdnoticias.com\/index.php\/wp-json\/wp\/v2\/posts\/148634","targetHints":{"allow":["GET"]}}],"collection":[{"href":"https:\/\/cdnoticias.com\/index.php\/wp-json\/wp\/v2\/posts"}],"about":[{"href":"https:\/\/cdnoticias.com\/index.php\/wp-json\/wp\/v2\/types\/post"}],"author":[{"embeddable":true,"href":"https:\/\/cdnoticias.com\/index.php\/wp-json\/wp\/v2\/users\/96739694"}],"replies":[{"embeddable":true,"href":"https:\/\/cdnoticias.com\/index.php\/wp-json\/wp\/v2\/comments?post=148634"}],"version-history":[{"count":0,"href":"https:\/\/cdnoticias.com\/index.php\/wp-json\/wp\/v2\/posts\/148634\/revisions"}],"wp:featuredmedia":[{"embeddable":true,"href":"https:\/\/cdnoticias.com\/index.php\/wp-json\/wp\/v2\/media\/148635"}],"wp:attachment":[{"href":"https:\/\/cdnoticias.com\/index.php\/wp-json\/wp\/v2\/media?parent=148634"}],"wp:term":[{"taxonomy":"category","embeddable":true,"href":"https:\/\/cdnoticias.com\/index.php\/wp-json\/wp\/v2\/categories?post=148634"},{"taxonomy":"post_tag","embeddable":true,"href":"https:\/\/cdnoticias.com\/index.php\/wp-json\/wp\/v2\/tags?post=148634"}],"curies":[{"name":"wp","href":"https:\/\/api.w.org\/{rel}","templated":true}]}}