{"id":148631,"date":"2022-09-10T16:19:00","date_gmt":"2022-09-10T19:19:00","guid":{"rendered":"http:\/\/centraldeportes.com.ar\/?p=22632"},"modified":"2022-09-10T16:19:00","modified_gmt":"2022-09-10T19:19:00","slug":"termino-la-experiencia-de-pablo-talamo-en-el-mundial","status":"publish","type":"post","link":"https:\/\/cdnoticias.com\/index.php\/2022\/09\/10\/termino-la-experiencia-de-pablo-talamo-en-el-mundial\/","title":{"rendered":"Termin\u00f3 la experiencia de Pablo T\u00e1lamo en el Mundial"},"content":{"rendered":"<p>Este s\u00e1bado lleg\u00f3 a su fin el Campeonato Mundial de Arquer\u00eda y con ello la actuaci\u00f3n de Pablo T\u00e1lamo representando a la Selecci\u00f3n Argentina.<!--more--><\/p>\n<hr \/>\n<p>El arquero olavarriense se present\u00f3 en Italia representando al pa\u00eds luego de lograr la clasificaci\u00f3n en el Salto de Piedra en abril pasado y tras dos buenas rondas, no logr\u00f3 superar el corte clasificatorio.<\/p>\n<p>&nbsp;<\/p>\n<p>T\u00e1lamo compiti\u00f3 en la modalidad 3D entre lunes y martes y un debut no tan bueno le impidi\u00f3 seguir en competencia a pesar de la gran reacci\u00f3n de su segunda vuelta.<\/p>\n<p>&nbsp;<\/p>\n<p>Sin la chance de seguir en las eliminatorias, el deportista olavarriense sum\u00f3 experiencia entre los mejores del mundo y emprendi\u00f3 el regreso con el resto de los representantes nacionales.<\/p>\n","protected":false},"excerpt":{"rendered":"<p>Este s\u00e1bado lleg\u00f3 a su fin el Campeonato Mundial de Arquer\u00eda y con ello la actuaci\u00f3n de Pablo T\u00e1lamo representando<\/p>\n","protected":false},"author":96739694,"featured_media":148322,"comment_status":"closed","ping_status":"closed","sticky":false,"template":"","format":"standard","meta":{"_jetpack_memberships_contains_paid_content":false,"footnotes":""},"categories":[30,1],"tags":[],"class_list":["post-148631","post","type-post","status-publish","format-standard","has-post-thumbnail","hentry","category-polideportivo","category-portada"],"jetpack_featured_media_url":"https:\/\/i0.wp.com\/cdnoticias.com\/wp-content\/uploads\/2022\/09\/WhatsApp-Image-2022-09-03-at-17.36.56-1-e1662837528870.jpeg?fit=1276%2C828&ssl=1","jetpack_sharing_enabled":true,"_links":{"self":[{"href":"https:\/\/cdnoticias.com\/index.php\/wp-json\/wp\/v2\/posts\/148631","targetHints":{"allow":["GET"]}}],"collection":[{"href":"https:\/\/cdnoticias.com\/index.php\/wp-json\/wp\/v2\/posts"}],"about":[{"href":"https:\/\/cdnoticias.com\/index.php\/wp-json\/wp\/v2\/types\/post"}],"author":[{"embeddable":true,"href":"https:\/\/cdnoticias.com\/index.php\/wp-json\/wp\/v2\/users\/96739694"}],"replies":[{"embeddable":true,"href":"https:\/\/cdnoticias.com\/index.php\/wp-json\/wp\/v2\/comments?post=148631"}],"version-history":[{"count":0,"href":"https:\/\/cdnoticias.com\/index.php\/wp-json\/wp\/v2\/posts\/148631\/revisions"}],"wp:featuredmedia":[{"embeddable":true,"href":"https:\/\/cdnoticias.com\/index.php\/wp-json\/wp\/v2\/media\/148322"}],"wp:attachment":[{"href":"https:\/\/cdnoticias.com\/index.php\/wp-json\/wp\/v2\/media?parent=148631"}],"wp:term":[{"taxonomy":"category","embeddable":true,"href":"https:\/\/cdnoticias.com\/index.php\/wp-json\/wp\/v2\/categories?post=148631"},{"taxonomy":"post_tag","embeddable":true,"href":"https:\/\/cdnoticias.com\/index.php\/wp-json\/wp\/v2\/tags?post=148631"}],"curies":[{"name":"wp","href":"https:\/\/api.w.org\/{rel}","templated":true}]}}