{"id":148598,"date":"2022-09-08T17:18:37","date_gmt":"2022-09-08T20:18:37","guid":{"rendered":"http:\/\/centraldeportes.com.ar\/?p=22545"},"modified":"2022-09-08T17:18:37","modified_gmt":"2022-09-08T20:18:37","slug":"un-olavarriense-es-el-nuevo-profe-de-un-club-espanol","status":"publish","type":"post","link":"https:\/\/cdnoticias.com\/index.php\/2022\/09\/08\/un-olavarriense-es-el-nuevo-profe-de-un-club-espanol\/","title":{"rendered":"Un olavarriense es el nuevo \u201cprofe\u201d de un club espa\u00f1ol"},"content":{"rendered":"<p>Emilio Costanzo comenz\u00f3 su trabajo como preparador f\u00edsico del Penya Esportiva Sant Jordi de Sant Josep de Talaia, equipo que participa del ascenso espa\u00f1ol.<!--more--><\/p>\n<hr \/>\n<p>D\u00edas atr\u00e1s y luego de dejar sus labores en el Club Municipales, un olavarriense inici\u00f3 con su trabajo en la Tercera Divisi\u00f3n del F\u00fatbol de la RFEF.<\/p>\n<p>&nbsp;<\/p>\n<p>Costanzo hab\u00eda tenido experiencias en Ferro y Municipales (tambi\u00e9n como DT) antes de emprender viaje a Espa\u00f1a donde fue confirmado como el \u201cprofe\u201d del Penya Esportiva Sant Jordi que iniciar\u00e1 el pr\u00f3ximo domingo la temporada en el Grupo XI del quinto nivel en el sistema de ligas de f\u00fatbol de Espa\u00f1a.<\/p>\n<p>&nbsp;<\/p>\n<p>\u201c<em>Casi sin pensar cerca del f\u00fatbol voy viviendo. Nuevo comienzo, hermoso desaf\u00edo<\/em>\u201d, expres\u00f3 Emilio Costanzo en sus redes sociales antes de iniciar con una nueva experiencia profesional.<\/p>\n","protected":false},"excerpt":{"rendered":"<p>Emilio Costanzo comenz\u00f3 su trabajo como preparador f\u00edsico del Penya Esportiva Sant Jordi de Sant Josep de Talaia, equipo que<\/p>\n","protected":false},"author":96739694,"featured_media":148599,"comment_status":"closed","ping_status":"closed","sticky":false,"template":"","format":"standard","meta":{"_jetpack_memberships_contains_paid_content":false,"footnotes":""},"categories":[46,35,1],"tags":[],"class_list":["post-148598","post","type-post","status-publish","format-standard","has-post-thumbnail","hentry","category-amateur","category-futbol","category-portada"],"jetpack_featured_media_url":"https:\/\/i0.wp.com\/cdnoticias.com\/wp-content\/uploads\/2022\/09\/WhatsApp-Image-2022-09-08-at-17.15.35.jpeg?fit=720%2C433&ssl=1","jetpack_sharing_enabled":true,"_links":{"self":[{"href":"https:\/\/cdnoticias.com\/index.php\/wp-json\/wp\/v2\/posts\/148598","targetHints":{"allow":["GET"]}}],"collection":[{"href":"https:\/\/cdnoticias.com\/index.php\/wp-json\/wp\/v2\/posts"}],"about":[{"href":"https:\/\/cdnoticias.com\/index.php\/wp-json\/wp\/v2\/types\/post"}],"author":[{"embeddable":true,"href":"https:\/\/cdnoticias.com\/index.php\/wp-json\/wp\/v2\/users\/96739694"}],"replies":[{"embeddable":true,"href":"https:\/\/cdnoticias.com\/index.php\/wp-json\/wp\/v2\/comments?post=148598"}],"version-history":[{"count":0,"href":"https:\/\/cdnoticias.com\/index.php\/wp-json\/wp\/v2\/posts\/148598\/revisions"}],"wp:featuredmedia":[{"embeddable":true,"href":"https:\/\/cdnoticias.com\/index.php\/wp-json\/wp\/v2\/media\/148599"}],"wp:attachment":[{"href":"https:\/\/cdnoticias.com\/index.php\/wp-json\/wp\/v2\/media?parent=148598"}],"wp:term":[{"taxonomy":"category","embeddable":true,"href":"https:\/\/cdnoticias.com\/index.php\/wp-json\/wp\/v2\/categories?post=148598"},{"taxonomy":"post_tag","embeddable":true,"href":"https:\/\/cdnoticias.com\/index.php\/wp-json\/wp\/v2\/tags?post=148598"}],"curies":[{"name":"wp","href":"https:\/\/api.w.org\/{rel}","templated":true}]}}