{"id":148557,"date":"2022-06-04T12:41:54","date_gmt":"2022-06-04T15:41:54","guid":{"rendered":"http:\/\/centraldeportes.com.ar\/?p=17260"},"modified":"2022-06-04T12:41:54","modified_gmt":"2022-06-04T15:41:54","slug":"no-pudo-ser-para-chingotto-y-tello-que-se-despidieron-en-semis","status":"publish","type":"post","link":"https:\/\/cdnoticias.com\/index.php\/2022\/06\/04\/no-pudo-ser-para-chingotto-y-tello-que-se-despidieron-en-semis\/","title":{"rendered":"No pudo ser para Chingotto y Tello que se despidieron en \u201cSemis\u201d"},"content":{"rendered":"<p>Federico Chingotto y Juan Tello fueron eliminados en el M\u00e1ster de Marbella en la instancia de semifinales al caer ante Jer\u00f3niimo Gonz\u00e1lez Luque y Alejandro Ruiz.<!--more--><\/p>\n<hr \/>\n<p>Chingotto y Tello cayeron ante Gonz\u00e1lez Luque y Ruiz por 2\/6 6\/3 5\/6 y se despidieron del certamen disputado en Marbella en la ma\u00f1ana de este s\u00e1bado.<\/p>\n<p>&nbsp;<\/p>\n<p>Finalizada su actuaci\u00f3n en el primer M\u00e1ster de la temporada del World P\u00e1del Tour, la competencia continuar\u00e1 con el Open de Austria.<\/p>\n","protected":false},"excerpt":{"rendered":"<p>Federico Chingotto y Juan Tello fueron eliminados en el M\u00e1ster de Marbella en la instancia de semifinales al caer ante<\/p>\n","protected":false},"author":96739694,"featured_media":148558,"comment_status":"closed","ping_status":"closed","sticky":false,"template":"","format":"standard","meta":{"_jetpack_memberships_contains_paid_content":false,"footnotes":""},"categories":[30,1],"tags":[],"class_list":["post-148557","post","type-post","status-publish","format-standard","has-post-thumbnail","hentry","category-polideportivo","category-portada"],"jetpack_featured_media_url":"https:\/\/i0.wp.com\/cdnoticias.com\/wp-content\/uploads\/2022\/06\/FUZ2-xrWAAAQeIp-scaled.jpg?fit=2560%2C1439&ssl=1","jetpack_sharing_enabled":true,"_links":{"self":[{"href":"https:\/\/cdnoticias.com\/index.php\/wp-json\/wp\/v2\/posts\/148557","targetHints":{"allow":["GET"]}}],"collection":[{"href":"https:\/\/cdnoticias.com\/index.php\/wp-json\/wp\/v2\/posts"}],"about":[{"href":"https:\/\/cdnoticias.com\/index.php\/wp-json\/wp\/v2\/types\/post"}],"author":[{"embeddable":true,"href":"https:\/\/cdnoticias.com\/index.php\/wp-json\/wp\/v2\/users\/96739694"}],"replies":[{"embeddable":true,"href":"https:\/\/cdnoticias.com\/index.php\/wp-json\/wp\/v2\/comments?post=148557"}],"version-history":[{"count":0,"href":"https:\/\/cdnoticias.com\/index.php\/wp-json\/wp\/v2\/posts\/148557\/revisions"}],"wp:featuredmedia":[{"embeddable":true,"href":"https:\/\/cdnoticias.com\/index.php\/wp-json\/wp\/v2\/media\/148558"}],"wp:attachment":[{"href":"https:\/\/cdnoticias.com\/index.php\/wp-json\/wp\/v2\/media?parent=148557"}],"wp:term":[{"taxonomy":"category","embeddable":true,"href":"https:\/\/cdnoticias.com\/index.php\/wp-json\/wp\/v2\/categories?post=148557"},{"taxonomy":"post_tag","embeddable":true,"href":"https:\/\/cdnoticias.com\/index.php\/wp-json\/wp\/v2\/tags?post=148557"}],"curies":[{"name":"wp","href":"https:\/\/api.w.org\/{rel}","templated":true}]}}