{"id":148534,"date":"2022-09-07T19:09:18","date_gmt":"2022-09-07T22:09:18","guid":{"rendered":"http:\/\/centraldeportes.com.ar\/?p=22486"},"modified":"2022-09-07T19:09:18","modified_gmt":"2022-09-07T22:09:18","slug":"en-la-previa-a-la-carrera-corim-recibio-una-importante-donacion","status":"publish","type":"post","link":"https:\/\/cdnoticias.com\/index.php\/2022\/09\/07\/en-la-previa-a-la-carrera-corim-recibio-una-importante-donacion\/","title":{"rendered":"En la previa a la carrera, CORIM recibi\u00f3 una importante donaci\u00f3n"},"content":{"rendered":"<p>Hinchas de Racing de Avellaneda residentes en Olavarr\u00eda hicieron entrega de una importante donaci\u00f3n a CORIM, que se prepara para una <a href=\"https:\/\/cdnoticias.com\/la-tradicional-maraton-de-corim-anuncio-su-retorno-y-tiene-fecha-oficial\/\">nueva edici\u00f3n de \u201cSumate a CORIM\u201d<\/a>.<\/p>\n<p><!--more--><\/p>\n<hr \/>\n<p>CORIM recibi\u00f3 d\u00edas atr\u00e1s una importante suma de dinero de los hinchas \u201cacad\u00e9micos\u201d que se agrupan en la Filial \u201cMiguel Colombatti\u201d.<\/p>\n<p>&nbsp;<\/p>\n<p>El centro educativo recibi\u00f3, con un cheque simb\u00f3lico, $50.000 que utilizar\u00e1 en gastos diarios mientras que contin\u00faa con la preparaci\u00f3n para una nueva edici\u00f3n de \u201cSumate a CORIM\u201d, carrera que tendr\u00e1 lugar el pr\u00f3ximo 25 de septiembre.<\/p>\n<p>&nbsp;<\/p>\n<p>La carrera central ser\u00e1 sobre 10K y adem\u00e1s habr\u00e1 5 kil\u00f3metros y una actividad recreativa de un kil\u00f3metro y para el evento ya se encuentra abierta la inscripci\u00f3n.<\/p>\n","protected":false},"excerpt":{"rendered":"<p>Hinchas de Racing de Avellaneda residentes en Olavarr\u00eda hicieron entrega de una importante donaci\u00f3n a CORIM, que se prepara para<\/p>\n","protected":false},"author":96739694,"featured_media":148535,"comment_status":"closed","ping_status":"closed","sticky":false,"template":"","format":"standard","meta":{"_jetpack_memberships_contains_paid_content":false,"footnotes":""},"categories":[38,1],"tags":[],"class_list":["post-148534","post","type-post","status-publish","format-standard","has-post-thumbnail","hentry","category-pedestrismo","category-portada"],"jetpack_featured_media_url":"https:\/\/i0.wp.com\/cdnoticias.com\/wp-content\/uploads\/2022\/09\/filiar-racing-olavarria.png?fit=800%2C445&ssl=1","jetpack_sharing_enabled":true,"_links":{"self":[{"href":"https:\/\/cdnoticias.com\/index.php\/wp-json\/wp\/v2\/posts\/148534","targetHints":{"allow":["GET"]}}],"collection":[{"href":"https:\/\/cdnoticias.com\/index.php\/wp-json\/wp\/v2\/posts"}],"about":[{"href":"https:\/\/cdnoticias.com\/index.php\/wp-json\/wp\/v2\/types\/post"}],"author":[{"embeddable":true,"href":"https:\/\/cdnoticias.com\/index.php\/wp-json\/wp\/v2\/users\/96739694"}],"replies":[{"embeddable":true,"href":"https:\/\/cdnoticias.com\/index.php\/wp-json\/wp\/v2\/comments?post=148534"}],"version-history":[{"count":0,"href":"https:\/\/cdnoticias.com\/index.php\/wp-json\/wp\/v2\/posts\/148534\/revisions"}],"wp:featuredmedia":[{"embeddable":true,"href":"https:\/\/cdnoticias.com\/index.php\/wp-json\/wp\/v2\/media\/148535"}],"wp:attachment":[{"href":"https:\/\/cdnoticias.com\/index.php\/wp-json\/wp\/v2\/media?parent=148534"}],"wp:term":[{"taxonomy":"category","embeddable":true,"href":"https:\/\/cdnoticias.com\/index.php\/wp-json\/wp\/v2\/categories?post=148534"},{"taxonomy":"post_tag","embeddable":true,"href":"https:\/\/cdnoticias.com\/index.php\/wp-json\/wp\/v2\/tags?post=148534"}],"curies":[{"name":"wp","href":"https:\/\/api.w.org\/{rel}","templated":true}]}}