{"id":148465,"date":"2022-06-03T17:54:46","date_gmt":"2022-06-03T20:54:46","guid":{"rendered":"http:\/\/centraldeportes.com.ar\/?p=17222"},"modified":"2022-06-03T17:54:46","modified_gmt":"2022-06-03T20:54:46","slug":"hubo-equipos-olavarrienses-en-el-provincial-de-rauch","status":"publish","type":"post","link":"https:\/\/cdnoticias.com\/index.php\/2022\/06\/03\/hubo-equipos-olavarrienses-en-el-provincial-de-rauch\/","title":{"rendered":"Hubo equipos olavarrienses en el Provincial de Rauch"},"content":{"rendered":"<p>Representantes del Club Atl\u00e9tico Sierra Chica se presentaron en Rauch el pasado domingo donde se disput\u00f3 la 2\u00b0 fecha del Torneo Provincial y se enfrentaron en la Final.<!--more--><\/p>\n<hr \/>\n<p>En el Club Miradense de Rauch se llev\u00f3 a cabo el certamen provincial de Front\u00f3n donde compitieron las parejas compuestas por Otto\u00a0 Laurenz y C\u00e9sar Poggi y Federico Carest\u00eda e Ignacio\u00a0 Dumerauf en representaci\u00f3n del Club Sierra Chica y ambas lograron llegar a la Final.<\/p>\n<p>&nbsp;<\/p>\n<p>En la instancia de clasificaci\u00f3n, los olavarrienses derrotaron a equipos de las cuidad de Azul, Rauch, Tapalqu\u00e9 y General Alvear y en el \u00faltimo partido del certamen, el triunfo fue para Laurez y Poggi que derrotaron\u00a0 12\/7 9\/12 7\/4 a sus compa\u00f1eros.<\/p>\n<p>&nbsp;<\/p>\n","protected":false},"excerpt":{"rendered":"<p>Representantes del Club Atl\u00e9tico Sierra Chica se presentaron en Rauch el pasado domingo donde se disput\u00f3 la 2\u00b0 fecha del<\/p>\n","protected":false},"author":96739694,"featured_media":148466,"comment_status":"closed","ping_status":"closed","sticky":false,"template":"","format":"standard","meta":{"_jetpack_memberships_contains_paid_content":false,"footnotes":""},"categories":[30,1],"tags":[],"class_list":["post-148465","post","type-post","status-publish","format-standard","has-post-thumbnail","hentry","category-polideportivo","category-portada"],"jetpack_featured_media_url":"https:\/\/i0.wp.com\/cdnoticias.com\/wp-content\/uploads\/2022\/06\/409-777x437.jpg?fit=777%2C437&ssl=1","jetpack_sharing_enabled":true,"_links":{"self":[{"href":"https:\/\/cdnoticias.com\/index.php\/wp-json\/wp\/v2\/posts\/148465","targetHints":{"allow":["GET"]}}],"collection":[{"href":"https:\/\/cdnoticias.com\/index.php\/wp-json\/wp\/v2\/posts"}],"about":[{"href":"https:\/\/cdnoticias.com\/index.php\/wp-json\/wp\/v2\/types\/post"}],"author":[{"embeddable":true,"href":"https:\/\/cdnoticias.com\/index.php\/wp-json\/wp\/v2\/users\/96739694"}],"replies":[{"embeddable":true,"href":"https:\/\/cdnoticias.com\/index.php\/wp-json\/wp\/v2\/comments?post=148465"}],"version-history":[{"count":0,"href":"https:\/\/cdnoticias.com\/index.php\/wp-json\/wp\/v2\/posts\/148465\/revisions"}],"wp:featuredmedia":[{"embeddable":true,"href":"https:\/\/cdnoticias.com\/index.php\/wp-json\/wp\/v2\/media\/148466"}],"wp:attachment":[{"href":"https:\/\/cdnoticias.com\/index.php\/wp-json\/wp\/v2\/media?parent=148465"}],"wp:term":[{"taxonomy":"category","embeddable":true,"href":"https:\/\/cdnoticias.com\/index.php\/wp-json\/wp\/v2\/categories?post=148465"},{"taxonomy":"post_tag","embeddable":true,"href":"https:\/\/cdnoticias.com\/index.php\/wp-json\/wp\/v2\/tags?post=148465"}],"curies":[{"name":"wp","href":"https:\/\/api.w.org\/{rel}","templated":true}]}}