{"id":148456,"date":"2022-09-05T21:01:25","date_gmt":"2022-09-06T00:01:25","guid":{"rendered":"http:\/\/centraldeportes.com.ar\/?p=22418"},"modified":"2022-09-05T21:01:25","modified_gmt":"2022-09-06T00:01:25","slug":"martin-moschini-se-adjudico-el-primero-puesto-del-memorial-carlos-orifici","status":"publish","type":"post","link":"https:\/\/cdnoticias.com\/index.php\/2022\/09\/05\/martin-moschini-se-adjudico-el-primero-puesto-del-memorial-carlos-orifici\/","title":{"rendered":"Mart\u00edn Moschini se adjudic\u00f3 el primero puesto del \u201cMemorial Carlos Orifici\u201d"},"content":{"rendered":"<p>Entre el pasado jueves y domingo, en el predio Campo Las Sierras, se desarroll\u00f3 el concurso de equitaci\u00f3n clasificatorio para el Federal 2022.<!--more--><\/p>\n<hr \/>\n<p><strong>Tras cuatro d\u00edas de actividad, pas\u00f3 con \u00e9xito el concurso h\u00edpico desarrollado en el Club Las Sierras<\/strong> de nuestra ciudad<strong> denominado \u201cMemorial Carlos Orifici\u201d<\/strong>, en honor al recordado empresario y dirigente olavarriense.<\/p>\n<p>&nbsp;<\/p>\n<p><strong>El evento cont\u00f3 con la participaci\u00f3n de jinetes y amazonas de diferentes puntos del pa\u00eds y de la ciuda<\/strong>d, donde se destac\u00f3 la presencia de cinco representantes del club Estudiantes: Donata Di Salvo (en 60 cm.), Mia Stagnaro (en 70 y 80 cm.), Jacinta Preinsdlsperg (en 70 y 80 cm.), Esteban \u00c1lvarez (en 90 cm.) y Clementina Tornabene (en 1 metro).<\/p>\n<p>&nbsp;<\/p>\n<p><strong>El ganador del Gran Premio, realizado el pasado domingo, fue Mart\u00edn Moschini, representante del Club H\u00edpico Argentino, y en segundo lugar qued\u00f3 Cruz Aizpuru de Club H\u00edpico Tres Arroyos<\/strong>. Ambos regulados en Primera Categor\u00eda de 1,30\/1,40 metros.<\/p>\n<p>&nbsp;<\/p>\n<p>[soliloquy slug=&#8221;hipismo-2&#8243;]<\/p>\n<p>&nbsp;<\/p>\n<p><strong>Resultados<\/strong>:<\/p>\n<p>&nbsp;<\/p>\n<p><strong>Segunda Categor\u00eda 1,30\/1,40 metros<\/strong>:<\/p>\n<p>1 \u2013 Roc\u00edo Galarraga (Bah\u00eda Blanca).<\/p>\n<p>2 \u2013 In\u00e9s Alessi (Campo H\u00edpico Las Sierras de Olavarr\u00eda).<\/p>\n<p>&nbsp;<\/p>\n<p><strong>Tercera Categor\u00eda 1,20 metros<\/strong>:<\/p>\n<p>1 \u2013 Gast\u00f3n Moralejo (Club Deportivo Barrio Alegre).<\/p>\n<p>2 \u2013 Abril Boilatt (Escuder\u00eda La Providencia).<\/p>\n<p>&nbsp;<\/p>\n<p><strong>Segunda Categor\u00eda 1,20 metros<\/strong>:<\/p>\n<p>1 \u2013 Martina Mari\u00f1o (Centro H\u00edpico General Pueyrred\u00f3n).<\/p>\n<p>&nbsp;<\/p>\n<p><strong>Categor\u00eda 1,20 metros Children<\/strong>:<\/p>\n<p>1 \u2013 Dino Curi (Club Alem\u00e1n de Equitaci\u00f3n).<\/p>\n<p>&nbsp;<\/p>\n<p><strong>Categor\u00eda 1,20 metros Caballos Nuevos<\/strong>:<\/p>\n<p>1 \u2013 Juan Pablo Kriger (Club H\u00edpico Las Sierras de Olavarr\u00eda).<\/p>\n<p>2 \u2013 Cruz Aizpurua (Club H\u00edpico Tres Arroyos).<\/p>\n<p>&nbsp;<\/p>\n<p><strong>Categor\u00eda 1,10 metros Amateur<\/strong>:<\/p>\n<p>1 \u2013 Sebast\u00edan Valero (Club Equitaci\u00f3n de Bah\u00eda Blanca).<\/p>\n<p>2 \u2013 Camila Copello (La Mansa, Mar del Plata).<\/p>\n<p>&nbsp;<\/p>\n<p><strong>Tercera Categor\u00eda\u00a0 90 cent\u00edmetros<\/strong>:<\/p>\n<p>1-\u00a0 Estefan\u00eda Gasteneguy (Olavarr\u00eda).<\/p>\n<p>2 \u2013 Athina Zaninno (Haras Los Abuelos).<\/p>\n<p>&nbsp;<\/p>\n<p><strong>80 cent\u00edmetros Escuela Mayor<\/strong>:<\/p>\n<p>1 \u2013 Santino Ronda Laborde (Centro H\u00edpico El Mirasol, Mar del Plata).<\/p>\n<p>2 \u2013 Florencia Arambarri (Club Ecuestre de Mar del Plata).<\/p>\n<p>&nbsp;<\/p>\n<p><strong>80 cent\u00edmetros Escuela Menor<\/strong>:<\/p>\n<p>1 \u2013 Alfonzo Hamad (La Nativa de Benito Ju\u00e1rez).<\/p>\n<p>2 \u2013 Malena Guerra (Club Tiro Federal de Bah\u00eda Blanca).<\/p>\n<p>&nbsp;<\/p>\n<p><strong>Children<\/strong>:<\/p>\n<p>1 \u2013 Mat\u00edas Pullol (Costa Atl\u00e1ntica).<\/p>\n<p>2 \u2013 Emilia Alonso (La Nativa Ecuestre de Benito Ju\u00e1rez).<\/p>\n<p>&nbsp;<\/p>\n<p><strong>Primera 1 metro<\/strong>:<\/p>\n<p>1 \u2013 Sof\u00eda Fern\u00e1ndez (Tiro Federal).<\/p>\n<p>2 \u2013 Ignacio P\u00e9rez Lozano (Haras Los Abuelos).<\/p>\n<p>&nbsp;<\/p>\n<p><strong>1 metro Children<\/strong>:<\/p>\n<p>1 \u2013 Agostina Rodr\u00edguez (Club Ecuestre de Mar del Plata).<\/p>\n<p>2 \u2013 Julia Duarte Laborde (El Mirasol).<\/p>\n<p>&nbsp;<\/p>\n<p><strong>1 metro Amateur<\/strong>:<\/p>\n<p>1 \u2013 Victoria Guarino (Club Ecuestre Mar del Plata).<\/p>\n<p>2 \u2013 Paola Peredo (H\u00edpico Tiro Federal).<\/p>\n<p>&nbsp;<\/p>\n<p><strong>Tercera Children<\/strong>:<\/p>\n<p>1 \u2013 Alfonso Van Der Host (La Nativa de Benito Ju\u00e1rez).<\/p>\n<p>&nbsp;<\/p>\n<p><strong>Escuela Mayor<\/strong>:<\/p>\n<p>1 \u2013 M\u00e1xima Loscalzo (Haras Los Abuelos de Mar del Plata)<\/p>\n<p>2 \u2013 Germ\u00e1n Diego Colandrea (Centro H\u00edpico Mar del Plata)<\/p>\n<p>&nbsp;<\/p>\n<p><strong>Escuela Menor<\/strong>:<\/p>\n<p>1 \u2013 Ruth Caballero (La Nativa Ecuestre).<\/p>\n<p>2 \u2013 Mia Gonz\u00e1lez Stagnaro (Estudiantes de Olavarr\u00eda).<\/p>\n<p>&nbsp;<\/p>\n<p><strong>Iniciados Menor<\/strong>:<\/p>\n<p>1 \u2013 Felipe Villar Pastorino (Haras Los Abuelos).<\/p>\n<p>2 \u2013 Benicio Gelabert (Trenque Lauquen).<\/p>\n<p>&nbsp;<\/p>\n<p><strong>Categor\u00eda 60 cent\u00edmetros<\/strong>:<\/p>\n<p>1 \u2013 Benicio Gelabert.<\/p>\n<p>2 \u2013 Martina Barbieri (H\u00edpico La Camila de Azul).<\/p>\n<p>&nbsp;<\/p>\n<p><strong>Categor\u00eda Iniciados Mayores de 60 cent\u00edmetros<\/strong>:<\/p>\n<p>1 \u2013 Tiara Ju\u00e1rez<\/p>\n<p>2 \u2013 Donata Di Salvo (Club Estudiantes de Olavarr\u00eda).<\/p>\n<p>&nbsp;<\/p>\n<p><strong>Categor\u00eda 40 cent\u00edmetros<\/strong>:<\/p>\n<p>1 \u2013 Lara Fosati (Azul).<\/p>\n<p>2 \u2013 Bernardita Ciancaglini Arrachea (La Nativa Ecuestre).<\/p>\n","protected":false},"excerpt":{"rendered":"<p>Entre el pasado jueves y domingo, en el predio Campo Las Sierras, se desarroll\u00f3 el concurso de equitaci\u00f3n clasificatorio para<\/p>\n","protected":false},"author":96739694,"featured_media":148460,"comment_status":"closed","ping_status":"closed","sticky":false,"template":"","format":"standard","meta":{"_jetpack_memberships_contains_paid_content":false,"footnotes":""},"categories":[30,1],"tags":[],"class_list":["post-148456","post","type-post","status-publish","format-standard","has-post-thumbnail","hentry","category-polideportivo","category-portada"],"jetpack_featured_media_url":"https:\/\/i0.wp.com\/cdnoticias.com\/wp-content\/uploads\/2022\/09\/IMG-20220905-WA0030.jpg?fit=1500%2C1000&ssl=1","jetpack_sharing_enabled":true,"_links":{"self":[{"href":"https:\/\/cdnoticias.com\/index.php\/wp-json\/wp\/v2\/posts\/148456","targetHints":{"allow":["GET"]}}],"collection":[{"href":"https:\/\/cdnoticias.com\/index.php\/wp-json\/wp\/v2\/posts"}],"about":[{"href":"https:\/\/cdnoticias.com\/index.php\/wp-json\/wp\/v2\/types\/post"}],"author":[{"embeddable":true,"href":"https:\/\/cdnoticias.com\/index.php\/wp-json\/wp\/v2\/users\/96739694"}],"replies":[{"embeddable":true,"href":"https:\/\/cdnoticias.com\/index.php\/wp-json\/wp\/v2\/comments?post=148456"}],"version-history":[{"count":0,"href":"https:\/\/cdnoticias.com\/index.php\/wp-json\/wp\/v2\/posts\/148456\/revisions"}],"wp:featuredmedia":[{"embeddable":true,"href":"https:\/\/cdnoticias.com\/index.php\/wp-json\/wp\/v2\/media\/148460"}],"wp:attachment":[{"href":"https:\/\/cdnoticias.com\/index.php\/wp-json\/wp\/v2\/media?parent=148456"}],"wp:term":[{"taxonomy":"category","embeddable":true,"href":"https:\/\/cdnoticias.com\/index.php\/wp-json\/wp\/v2\/categories?post=148456"},{"taxonomy":"post_tag","embeddable":true,"href":"https:\/\/cdnoticias.com\/index.php\/wp-json\/wp\/v2\/tags?post=148456"}],"curies":[{"name":"wp","href":"https:\/\/api.w.org\/{rel}","templated":true}]}}