{"id":148454,"date":"2022-06-03T18:52:24","date_gmt":"2022-06-03T21:52:24","guid":{"rendered":"http:\/\/centraldeportes.com.ar\/?p=17230"},"modified":"2022-06-03T18:52:24","modified_gmt":"2022-06-03T21:52:24","slug":"emily-burgos-comienza-el-sueno-sudamericano","status":"publish","type":"post","link":"https:\/\/cdnoticias.com\/index.php\/2022\/06\/03\/emily-burgos-comienza-el-sueno-sudamericano\/","title":{"rendered":"Emily Burgos comienza el sue\u00f1o Sudamericano"},"content":{"rendered":"<p>Emily Burgos comienza el sue\u00f1o del Sudamericano el venidero fin de semana con el primer equipo de la Selecci\u00f3n Argentina y en la previa cont\u00f3 sus expectativas.<!--more--><\/p>\n<hr \/>\n<p>La joven bateadora albinegra ya se encuentra hace d\u00edas en Paran\u00e1 concentrando y trabajando junto al equipo para el debut de la Selecci\u00f3n Argentina en el Sudamericano 2022 que se realizar\u00e1 en el Estadio de la Victoria en la Ciudad Deportiva de Don Bosco del 4 al 11 de junio.<\/p>\n<p>&nbsp;<\/p>\n<p>&#8220;<em>La expectativa personal en un principio es poder disfrutar de jugar al s\u00f3ftbol, sabemos que disfrutando las cosas se van a dar. En segundo lugar por supuesto poder dar todo lo que tengo para el equipo, colaborar desde donde sea que me toque estar<\/em>&#8220;, comenz\u00f3 diciendo una de las deportistas de Olavarr\u00eda -la otra es Dolores Fern\u00e1ndez- y agreg\u00f3: \u201c<em>La verdad es que tengo una felicidad y emoci\u00f3n enorme de poder jugar en nuestra casa<\/em>\u201d.<\/p>\n<p>&nbsp;<\/p>\n<p>Por \u00faltimo, Burgos asegur\u00f3 que \u201c<strong><em>el objetivo principal es hacer podio, pero por supuesto que deseamos con todo el coraz\u00f3n salir campeonas y vamos por eso. Sabemos que podemos hacerlo, tenemos un equipo fuerte y podemos pelear contra cualquier equipo de los que vienen al sudamericano<\/em><\/strong>&#8220;.<\/p>\n<p>&nbsp;<\/p>\n<p>Para ver los partidos en vivo, pueden ingresar los canales de Youtube \u201cWBSC Americas&#8221; y &#8220;Live Go Bah\u00eda&#8221; y por Facebook &#8220;Confederaci\u00f3n Argentina de Softbol&#8221;.<\/p>\n","protected":false},"excerpt":{"rendered":"<p>Emily Burgos comienza el sue\u00f1o del Sudamericano el venidero fin de semana con el primer equipo de la Selecci\u00f3n Argentina<\/p>\n","protected":false},"author":96739694,"featured_media":148455,"comment_status":"closed","ping_status":"closed","sticky":false,"template":"","format":"standard","meta":{"_jetpack_memberships_contains_paid_content":false,"footnotes":""},"categories":[30,1],"tags":[],"class_list":["post-148454","post","type-post","status-publish","format-standard","has-post-thumbnail","hentry","category-polideportivo","category-portada"],"jetpack_featured_media_url":"https:\/\/i0.wp.com\/cdnoticias.com\/wp-content\/uploads\/2022\/04\/softbol_8.jpg?fit=1280%2C853&ssl=1","jetpack_sharing_enabled":true,"_links":{"self":[{"href":"https:\/\/cdnoticias.com\/index.php\/wp-json\/wp\/v2\/posts\/148454","targetHints":{"allow":["GET"]}}],"collection":[{"href":"https:\/\/cdnoticias.com\/index.php\/wp-json\/wp\/v2\/posts"}],"about":[{"href":"https:\/\/cdnoticias.com\/index.php\/wp-json\/wp\/v2\/types\/post"}],"author":[{"embeddable":true,"href":"https:\/\/cdnoticias.com\/index.php\/wp-json\/wp\/v2\/users\/96739694"}],"replies":[{"embeddable":true,"href":"https:\/\/cdnoticias.com\/index.php\/wp-json\/wp\/v2\/comments?post=148454"}],"version-history":[{"count":0,"href":"https:\/\/cdnoticias.com\/index.php\/wp-json\/wp\/v2\/posts\/148454\/revisions"}],"wp:featuredmedia":[{"embeddable":true,"href":"https:\/\/cdnoticias.com\/index.php\/wp-json\/wp\/v2\/media\/148455"}],"wp:attachment":[{"href":"https:\/\/cdnoticias.com\/index.php\/wp-json\/wp\/v2\/media?parent=148454"}],"wp:term":[{"taxonomy":"category","embeddable":true,"href":"https:\/\/cdnoticias.com\/index.php\/wp-json\/wp\/v2\/categories?post=148454"},{"taxonomy":"post_tag","embeddable":true,"href":"https:\/\/cdnoticias.com\/index.php\/wp-json\/wp\/v2\/tags?post=148454"}],"curies":[{"name":"wp","href":"https:\/\/api.w.org\/{rel}","templated":true}]}}