{"id":148452,"date":"2022-09-06T11:02:21","date_gmt":"2022-09-06T14:02:21","guid":{"rendered":"http:\/\/centraldeportes.com.ar\/?p=22420"},"modified":"2022-09-06T11:02:21","modified_gmt":"2022-09-06T14:02:21","slug":"ramiro-bou-se-noto-el-trabajo-en-equipo-de-las-chicas","status":"publish","type":"post","link":"https:\/\/cdnoticias.com\/index.php\/2022\/09\/06\/ramiro-bou-se-noto-el-trabajo-en-equipo-de-las-chicas\/","title":{"rendered":"Ramiro Bou: \u201cSe not\u00f3 el trabajo en equipo de las chicas\u201d"},"content":{"rendered":"<p>El entrenador de Ferro habl\u00f3 luego del exitoso debut del s\u00e1bado pasado por la primera fecha del Torneo Pre-Federal Femenino.<!--more--><\/p>\n<hr \/>\n<p>Las \u201cCarboneras\u201d comenzaron con el pie derecho su camino por el Pre-Federal 2022 <a href=\"https:\/\/cdnoticias.com\/ferro-gano-en-su-casa-y-debuto-con-una-sonrisa-en-el-pre-federal\/\">luego de vencer<\/a><strong> por 64 a 48 a Reconquista de La Plata en el gimnasio De la Vega<\/strong>. Tras lo sucedido, <strong>Ramiro Bou<\/strong> tom\u00f3 la palabra y habl\u00f3 con la prensa.<\/p>\n<p>&nbsp;<\/p>\n<p><em>\u201cSab\u00edamos que Reconquista iba a ser un rival duro y <strong>aunque por momentos el partido fue trabado, pudimos demostrar nuestro juego<\/strong>\u201d<\/em>, declaro el t\u00e9cnico en primer lugar y luego agreg\u00f3: \u201c<em>En l\u00edneas generales siempre hay cosas para ajustar aunque se gane, pero puedo decir que <strong>lo laburamos bien a pesar de que nos falt\u00f3 un poco m\u00e1s de efectividad<\/strong>\u201d.<\/em><\/p>\n<p>&nbsp;<\/p>\n<p>Tiempo despu\u00e9s, haciendo un an\u00e1lisis del partido, Bou coment\u00f3: <em>\u201c<strong>Sacamos ventaja en el segundo cuarto por un cambio actitudinal en la defensa, donde nos hicimos fuertes para correr r\u00e1pido la cancha y sacar la ventaja<\/strong>\u201d.<\/em><\/p>\n<p>&nbsp;<\/p>\n<blockquote><p><em>\u201cSi bien hubo rendimientos individuales muy buenos, se not\u00f3 el trabajo en equipo de las chicas\u201d.<\/em><\/p><\/blockquote>\n<p>&nbsp;<\/p>\n<p>Por \u00faltimo, el DT \u201cCarbonero\u201d se enfoc\u00f3 en el futuro de la competencia y en su pr\u00f3ximo rival: <em>\u201cCiclista de Jun\u00edn es un equipo duro y dif\u00edcil, es el \u00faltimo campe\u00f3n del Pre-Federal 2019. <strong>En estos d\u00edas ya vamos a poner la cabeza en ese partido, solo queda seguir trabajando<\/strong>\u201d, <\/em>cerr\u00f3.<\/p>\n","protected":false},"excerpt":{"rendered":"<p>El entrenador de Ferro habl\u00f3 luego del exitoso debut del s\u00e1bado pasado por la primera fecha del Torneo Pre-Federal Femenino.<\/p>\n","protected":false},"author":96739694,"featured_media":148453,"comment_status":"closed","ping_status":"closed","sticky":false,"template":"","format":"standard","meta":{"_jetpack_memberships_contains_paid_content":false,"footnotes":""},"categories":[31,58,1,60],"tags":[],"class_list":["post-148452","post","type-post","status-publish","format-standard","has-post-thumbnail","hentry","category-basquet","category-femenino-basquet","category-portada","category-torneo-pre-federal"],"jetpack_featured_media_url":"https:\/\/i0.wp.com\/cdnoticias.com\/wp-content\/uploads\/2022\/09\/Bou.jpg?fit=936%2C605&ssl=1","jetpack_sharing_enabled":true,"_links":{"self":[{"href":"https:\/\/cdnoticias.com\/index.php\/wp-json\/wp\/v2\/posts\/148452","targetHints":{"allow":["GET"]}}],"collection":[{"href":"https:\/\/cdnoticias.com\/index.php\/wp-json\/wp\/v2\/posts"}],"about":[{"href":"https:\/\/cdnoticias.com\/index.php\/wp-json\/wp\/v2\/types\/post"}],"author":[{"embeddable":true,"href":"https:\/\/cdnoticias.com\/index.php\/wp-json\/wp\/v2\/users\/96739694"}],"replies":[{"embeddable":true,"href":"https:\/\/cdnoticias.com\/index.php\/wp-json\/wp\/v2\/comments?post=148452"}],"version-history":[{"count":0,"href":"https:\/\/cdnoticias.com\/index.php\/wp-json\/wp\/v2\/posts\/148452\/revisions"}],"wp:featuredmedia":[{"embeddable":true,"href":"https:\/\/cdnoticias.com\/index.php\/wp-json\/wp\/v2\/media\/148453"}],"wp:attachment":[{"href":"https:\/\/cdnoticias.com\/index.php\/wp-json\/wp\/v2\/media?parent=148452"}],"wp:term":[{"taxonomy":"category","embeddable":true,"href":"https:\/\/cdnoticias.com\/index.php\/wp-json\/wp\/v2\/categories?post=148452"},{"taxonomy":"post_tag","embeddable":true,"href":"https:\/\/cdnoticias.com\/index.php\/wp-json\/wp\/v2\/tags?post=148452"}],"curies":[{"name":"wp","href":"https:\/\/api.w.org\/{rel}","templated":true}]}}