{"id":14844,"date":"2021-02-27T10:05:37","date_gmt":"2021-02-27T13:05:37","guid":{"rendered":"http:\/\/www.centraldenoticias.com.ar\/?p=14844"},"modified":"2021-02-27T10:56:20","modified_gmt":"2021-02-27T13:56:20","slug":"los-museos-municipales-de-los-pueblos-vuelven-a-recibir-publico","status":"publish","type":"post","link":"https:\/\/cdnoticias.com\/index.php\/2021\/02\/27\/los-museos-municipales-de-los-pueblos-vuelven-a-recibir-publico\/","title":{"rendered":"Los Museos Municipales de los Pueblos vuelven a recibir p\u00fablico"},"content":{"rendered":"<p>A partir del viernes pr\u00f3ximo reabrir\u00e1n las sedes de la Subsecretar\u00eda de Cultura en las localidades. Se difundi\u00f3 el protocolo. Igualmente, se mantendr\u00e1n las propuestas virtuales.<!--more--><\/p>\n<hr \/>\n<ul>\n<li><em>Fotos: Archivo<\/em><\/li>\n<\/ul>\n<p><strong>Los Museos Municipales de los Pueblos vuelven a abrir sus puertas para recibir a los vecinos<\/strong>. As\u00ed se inform\u00f3 desde la Municipalidad cono <strong>inicio desde el viernes 5 de marzo<\/strong>.<\/p>\n<p>La reapertura se har\u00e1 en todas las localidades <strong>excepto en Espigas que continuar\u00e1 bajo la modalidad virtual<\/strong>. Se dej\u00f3 en claro adem\u00e1s que todas las actividades que se programen se realizar\u00e1n respetando los protocolos dispuestos.<\/p>\n<p>La medida se present\u00f3 como <strong>un paso m\u00e1s en la reapertura de las actividades presenciales en los espacios culturales<\/strong> municipales y en esta oportunidad es el turno de los Museos Municipales de los Pueblos.<\/p>\n<p><img data-recalc-dims=\"1\" loading=\"lazy\" decoding=\"async\" class=\"aligncenter wp-image-14846 size-large\" src=\"https:\/\/i0.wp.com\/cdnoticias.com\/wp-content\/uploads\/2021\/02\/Museo-Hinojo-frente-1024x683-1024x683.jpg?resize=800%2C534&#038;ssl=1\" alt=\"\" width=\"800\" height=\"534\" \/><\/p>\n<p>Tal como lo inform\u00f3 la <strong>subsecretaria de Cultura y Educaci\u00f3n, Agustina Marino<\/strong>: \u201cdentro del contexto que estamos transitando, y del a\u00f1o que nos toc\u00f3 transitar hemos podido volver a reactivar algunas actividades culturales. Durante el verano tuvimos una agenda cultural variada en el Museo D\u00e1maso Arce, Museo de las Ciencias, Museo Hermanos Emiliozzi y el Centro Cultural San Jos\u00e9 y ahora, por suerte podemos comenzar con las localidades\u201d.<\/p>\n<blockquote><p>\u201cLos espacios abrir\u00e1n, con los protocolos correspondientes, y con la posibilidad de realizar visitas y recorrer las muestras de patrimonio con las que cuenta cada Museo, salvo en la localidad de Espigas que el museo continuar\u00e1 con las actividades en formato virutal\u201d, remarc\u00f3 Marino. Indic\u00f3: \u201cestamos confiados en que vamos a poder seguir reactivando el sector cultural y volver a vincularnos con la comunidad de manera presencial, que es tan necesario para todos\u201d.<\/p><\/blockquote>\n<p>Si bien la idea es <strong>continuar con las propuestas de forma virtual<\/strong>, la intenci\u00f3n de la Subsecretar\u00eda de Cultura es la gradualidad en el regreso del p\u00fablico.<\/p>\n<p><img data-recalc-dims=\"1\" loading=\"lazy\" decoding=\"async\" class=\"aligncenter wp-image-14847\" src=\"https:\/\/i0.wp.com\/cdnoticias.com\/wp-content\/uploads\/2021\/02\/Museo-Loma-Negra-6.jpg?resize=800%2C600&#038;ssl=1\" alt=\"\" width=\"800\" height=\"600\" srcset=\"https:\/\/i0.wp.com\/cdnoticias.com\/wp-content\/uploads\/2021\/02\/Museo-Loma-Negra-6.jpg?resize=300%2C225&amp;ssl=1 300w, https:\/\/i0.wp.com\/cdnoticias.com\/wp-content\/uploads\/2021\/02\/Museo-Loma-Negra-6.jpg?resize=768%2C576&amp;ssl=1 768w, https:\/\/i0.wp.com\/cdnoticias.com\/wp-content\/uploads\/2021\/02\/Museo-Loma-Negra-6.jpg?w=960&amp;ssl=1 960w\" sizes=\"auto, (max-width: 800px) 100vw, 800px\" \/><\/p>\n<p><strong>Pautas para las visitas<\/strong><\/p>\n<p>A su vez, se difundi\u00f3 el <strong>\u201cProtocolo para el regreso presencial del p\u00fablico a los museos\u201d<\/strong> ya que la Municipalidad reiter\u00f3 que \u201ccomo cada actividad que vuelve a ponerse en marcha, se han elaborado determinados protocolos que se deber\u00e1n respetar para poder llevar adelante las actividades propuestas\u201d.<\/p>\n<p>En este caso, alguno de los puntos a tener en cuenta por el p\u00fablico son:<\/p>\n<p>&#8211; Ingreso de hasta 2 personas o un grupo familiar de hasta 4 integrantes.<\/p>\n<p>&#8211; Toma de datos y firma de la declaraci\u00f3n jurada.<\/p>\n<p>&#8211; Prohibido el ingreso del p\u00fablico sin barbijo<\/p>\n<p>&#8211; Se estima una permanencia no mayor a 50 minutos (aproximadamente)<\/p>\n<p><img data-recalc-dims=\"1\" loading=\"lazy\" decoding=\"async\" class=\"aligncenter wp-image-14848\" src=\"https:\/\/i0.wp.com\/cdnoticias.com\/wp-content\/uploads\/2021\/02\/Museo-Loma-Negra-10.jpg?resize=800%2C600&#038;ssl=1\" alt=\"\" width=\"800\" height=\"600\" srcset=\"https:\/\/i0.wp.com\/cdnoticias.com\/wp-content\/uploads\/2021\/02\/Museo-Loma-Negra-10.jpg?resize=300%2C225&amp;ssl=1 300w, https:\/\/i0.wp.com\/cdnoticias.com\/wp-content\/uploads\/2021\/02\/Museo-Loma-Negra-10.jpg?resize=768%2C576&amp;ssl=1 768w, https:\/\/i0.wp.com\/cdnoticias.com\/wp-content\/uploads\/2021\/02\/Museo-Loma-Negra-10.jpg?w=960&amp;ssl=1 960w\" sizes=\"auto, (max-width: 800px) 100vw, 800px\" \/><\/p>\n<p>Dado el contexto, los d\u00edas y horarios en que permanecer\u00e1n abiertos los Museos de los Pueblos, ser\u00e1 reducido.<\/p>\n<blockquote><p>Abrir\u00e1n los viernes de 9 a 13; los s\u00e1bado, domingo y feriados de 16 a 19 horas.<\/p><\/blockquote>\n<p>Asimismo, las consultas e inquietudes se podr\u00e1n realizar a trav\u00e9s de las diferentes medios digitales con los que cuentan los Museos:<\/p>\n<p><strong>Museo Loma Negra<\/strong><br \/>\n&#8211; <em>museo.lomanegra@olavarria.gov.ar<\/em><br \/>\n&#8211; Museo Hogar Municipal Loma Negra ( Facebook)<br \/>\n&#8211; Museo Hogar Loma Negra (Instagram)<br \/>\n-Museo de los Pueblos ( Facebook)<br \/>\n&#8211; Museos de los Pueblos Municipales ( Instagram)<\/p>\n<p><strong>Museo Hinojo<\/strong><br \/>\n&#8211; celeste.guasura@olavarria.gov.ar<br \/>\n&#8211; Museo Hinojo (Facebook)<br \/>\n&#8211; Museos de los Pueblos ( facebook)<br \/>\n&#8211; Museos de los pueblos Municipales ( Instagram)<\/p>\n<p><strong>Museo Colonia San Miguel<\/strong><br \/>\n&#8211; claudiaquin07@hotmail.com<br \/>\n&#8211; Museos de los Pueblos (facebook)<br \/>\n&#8211; Museos de los Pueblos municipales( Instagram)<br \/>\n&#8211; Amigos del Museo Municipal Miguel Stoessel Muller<\/p>\n<p><strong>Museo Espigas<\/strong><br \/>\n-museo.espigas@olavarriagov.ar<br \/>\n-anabela.pereyra@olavarria.gov.ar<br \/>\n-Museo de los Pueblos (facebook)<br \/>\n&#8211; Museo de los pueblos Municipales (Instagram)<\/p>\n<p><img data-recalc-dims=\"1\" loading=\"lazy\" decoding=\"async\" class=\"aligncenter wp-image-14850 size-large\" src=\"https:\/\/i0.wp.com\/cdnoticias.com\/wp-content\/uploads\/2021\/02\/Museo-Sierras-Bayas-1024x683-1024x683.jpg?resize=800%2C534&#038;ssl=1\" alt=\"\" width=\"800\" height=\"534\" srcset=\"https:\/\/i0.wp.com\/cdnoticias.com\/wp-content\/uploads\/2021\/02\/Museo-Sierras-Bayas-1024x683.jpg?resize=1024%2C683&amp;ssl=1 1024w, https:\/\/i0.wp.com\/cdnoticias.com\/wp-content\/uploads\/2021\/02\/Museo-Sierras-Bayas-1024x683.jpg?resize=300%2C200&amp;ssl=1 300w, https:\/\/i0.wp.com\/cdnoticias.com\/wp-content\/uploads\/2021\/02\/Museo-Sierras-Bayas-1024x683.jpg?resize=768%2C512&amp;ssl=1 768w, https:\/\/i0.wp.com\/cdnoticias.com\/wp-content\/uploads\/2021\/02\/Museo-Sierras-Bayas-1024x683.jpg?resize=272%2C182&amp;ssl=1 272w\" sizes=\"auto, (max-width: 800px) 100vw, 800px\" \/><\/p>\n<p><strong>Museo de Sierras Bayas<\/strong><br \/>\n-sandra.mallegni@olavarriagov.ar<br \/>\n-Museos de los Pueblos (facebook)<br \/>\n-Museo de los Pueblos municipales ( Instagram)<\/p>\n<p><strong>Museo de Sierra Chica<\/strong><br \/>\n-monica.mendia@hotmail.com<br \/>\n-Museos de los Pueblos (facebook)<br \/>\n-Amigos del Museo Emma Occhi de Sierra Chica (facebook)<br \/>\n&#8211; Museo de los pueblos municipales ( Instagram)<\/p>\n<p><strong>Museo de Colonia Hinojo<\/strong><br \/>\n-museo.coloniahinojo@olavarriagov.ar<br \/>\n-Amigos del Museo Municipal de Alemanes del Volga &#8220;Ariel Chierico&#8221; (facebook)<br \/>\n-Museos de los Pueblos ( facebook)<br \/>\n-Museo de los pueblos Municipales( Instagram)<\/p>\n","protected":false},"excerpt":{"rendered":"<p>A partir del viernes pr\u00f3ximo reabrir\u00e1n las sedes de la Subsecretar\u00eda de Cultura en las localidades. Se difundi\u00f3 el protocolo.<\/p>\n","protected":false},"author":4,"featured_media":14849,"comment_status":"closed","ping_status":"closed","sticky":false,"template":"","format":"standard","meta":{"_jetpack_memberships_contains_paid_content":false,"footnotes":""},"categories":[9,1],"tags":[],"class_list":["post-14844","post","type-post","status-publish","format-standard","has-post-thumbnail","hentry","category-cultura","category-portada"],"jetpack_featured_media_url":"https:\/\/i0.wp.com\/cdnoticias.com\/wp-content\/uploads\/2021\/02\/Museo-Sierras-Bayas-1-1024x682.jpg?fit=1024%2C682&ssl=1","jetpack_sharing_enabled":true,"_links":{"self":[{"href":"https:\/\/cdnoticias.com\/index.php\/wp-json\/wp\/v2\/posts\/14844","targetHints":{"allow":["GET"]}}],"collection":[{"href":"https:\/\/cdnoticias.com\/index.php\/wp-json\/wp\/v2\/posts"}],"about":[{"href":"https:\/\/cdnoticias.com\/index.php\/wp-json\/wp\/v2\/types\/post"}],"author":[{"embeddable":true,"href":"https:\/\/cdnoticias.com\/index.php\/wp-json\/wp\/v2\/users\/4"}],"replies":[{"embeddable":true,"href":"https:\/\/cdnoticias.com\/index.php\/wp-json\/wp\/v2\/comments?post=14844"}],"version-history":[{"count":0,"href":"https:\/\/cdnoticias.com\/index.php\/wp-json\/wp\/v2\/posts\/14844\/revisions"}],"wp:featuredmedia":[{"embeddable":true,"href":"https:\/\/cdnoticias.com\/index.php\/wp-json\/wp\/v2\/media\/14849"}],"wp:attachment":[{"href":"https:\/\/cdnoticias.com\/index.php\/wp-json\/wp\/v2\/media?parent=14844"}],"wp:term":[{"taxonomy":"category","embeddable":true,"href":"https:\/\/cdnoticias.com\/index.php\/wp-json\/wp\/v2\/categories?post=14844"},{"taxonomy":"post_tag","embeddable":true,"href":"https:\/\/cdnoticias.com\/index.php\/wp-json\/wp\/v2\/tags?post=14844"}],"curies":[{"name":"wp","href":"https:\/\/api.w.org\/{rel}","templated":true}]}}