{"id":148431,"date":"2022-09-03T21:30:14","date_gmt":"2022-09-04T00:30:14","guid":{"rendered":"http:\/\/centraldeportes.com.ar\/?p=22124"},"modified":"2022-09-03T21:30:14","modified_gmt":"2022-09-04T00:30:14","slug":"treintena-de-personas-presentes-en-la-remada","status":"publish","type":"post","link":"https:\/\/cdnoticias.com\/index.php\/2022\/09\/03\/treintena-de-personas-presentes-en-la-remada\/","title":{"rendered":"Treintena de personas presentes en la remada"},"content":{"rendered":"<p>Aprovechando la agradable jornada del s\u00e1bado y con la organizaci\u00f3n de la Subcomisi\u00f3n de Remo y Canotaje de Estudiantes, se llev\u00f3 a cabo la remada \u201cSe siente la primavera\u201d con una treintena de personas.<\/p>\n<p><!--more--><\/p>\n<hr \/>\n<p>Con partida en la vera del arroyo Tapalqu\u00e9 y con destino final La Isla, alrededor de 30 personas se sumaron a la remada.<\/p>\n<p>&nbsp;<\/p>\n<p>Minutos despu\u00e9s de las 14:00 y previa entrega de botes y chalecos y la charla explicativa, alrededor de treinta personas comenzaron a bajar por las aguas del arroyo costero de la entidad \u201cBataraz\u201d hasta llegar a La Isla.<\/p>\n<p>&nbsp;<\/p>\n<p>[soliloquy slug=&#8221;remada&#8221;]<\/p>\n<p>&nbsp;<\/p>\n<p>La actividad que estuvo abierta a la comunidad cont\u00f3 con mucha participaci\u00f3n de la familia que vivi\u00f3 una experiencia diferente.<\/p>\n<p>&nbsp;<\/p>\n<p>Prometen que ser\u00e1 la primera de muchas, ya que a partir de ahora acompa\u00f1ar\u00e1 un poco m\u00e1s el clima con estas tardes primaverales.<\/p>\n","protected":false},"excerpt":{"rendered":"<p>Aprovechando la agradable jornada del s\u00e1bado y con la organizaci\u00f3n de la Subcomisi\u00f3n de Remo y Canotaje de Estudiantes, se<\/p>\n","protected":false},"author":96739694,"featured_media":148432,"comment_status":"closed","ping_status":"closed","sticky":false,"template":"","format":"standard","meta":{"_jetpack_memberships_contains_paid_content":false,"footnotes":""},"categories":[30,1],"tags":[],"class_list":["post-148431","post","type-post","status-publish","format-standard","has-post-thumbnail","hentry","category-polideportivo","category-portada"],"jetpack_featured_media_url":"https:\/\/i0.wp.com\/cdnoticias.com\/wp-content\/uploads\/2022\/09\/Photo_1662236924654.jpg?fit=1500%2C1000&ssl=1","jetpack_sharing_enabled":true,"_links":{"self":[{"href":"https:\/\/cdnoticias.com\/index.php\/wp-json\/wp\/v2\/posts\/148431","targetHints":{"allow":["GET"]}}],"collection":[{"href":"https:\/\/cdnoticias.com\/index.php\/wp-json\/wp\/v2\/posts"}],"about":[{"href":"https:\/\/cdnoticias.com\/index.php\/wp-json\/wp\/v2\/types\/post"}],"author":[{"embeddable":true,"href":"https:\/\/cdnoticias.com\/index.php\/wp-json\/wp\/v2\/users\/96739694"}],"replies":[{"embeddable":true,"href":"https:\/\/cdnoticias.com\/index.php\/wp-json\/wp\/v2\/comments?post=148431"}],"version-history":[{"count":0,"href":"https:\/\/cdnoticias.com\/index.php\/wp-json\/wp\/v2\/posts\/148431\/revisions"}],"wp:featuredmedia":[{"embeddable":true,"href":"https:\/\/cdnoticias.com\/index.php\/wp-json\/wp\/v2\/media\/148432"}],"wp:attachment":[{"href":"https:\/\/cdnoticias.com\/index.php\/wp-json\/wp\/v2\/media?parent=148431"}],"wp:term":[{"taxonomy":"category","embeddable":true,"href":"https:\/\/cdnoticias.com\/index.php\/wp-json\/wp\/v2\/categories?post=148431"},{"taxonomy":"post_tag","embeddable":true,"href":"https:\/\/cdnoticias.com\/index.php\/wp-json\/wp\/v2\/tags?post=148431"}],"curies":[{"name":"wp","href":"https:\/\/api.w.org\/{rel}","templated":true}]}}