{"id":148429,"date":"2022-06-01T15:36:40","date_gmt":"2022-06-01T18:36:40","guid":{"rendered":"http:\/\/centraldeportes.com.ar\/?p=17137"},"modified":"2022-06-01T15:36:40","modified_gmt":"2022-06-01T18:36:40","slug":"gano-zarate-basket-y-mariano-marina-termino-la-temporada","status":"publish","type":"post","link":"https:\/\/cdnoticias.com\/index.php\/2022\/06\/01\/gano-zarate-basket-y-mariano-marina-termino-la-temporada\/","title":{"rendered":"Gan\u00f3 Z\u00e1rate Basket y Mariano Marina termin\u00f3 la temporada"},"content":{"rendered":"<p>Termin\u00f3 la temporada para el \u00faltimo olavarriense en competencia en La Liga Argentina ya que Deportivo Viedma cay\u00f3 en el cuarto punto de la Conferencia Sur ante Z\u00e1rate Basket por 101 a 84.<\/p>\n<p><!--more--><\/p>\n<hr \/>\n<p>El equipo conducido por Guillermo Bogliacino dej\u00f3 todo, incluso con un plantel diezmado por las lesiones y cerr\u00f3 la mejor temporada de su historia en la segunda categor\u00eda alcanzando las finales de la Conferencia Sur donde fue ca\u00edda por 3 a 1 en el global.<\/p>\n<p>&nbsp;<\/p>\n<p>Mariano Marina, en el equipo de R\u00edo Negro, complet\u00f3 25:50 minutos en cancha con 14 puntos, 3 rebotes y 1 asistencia.<\/p>\n<p>&nbsp;<\/p>\n<p>Con el festej\u00f3 del elenco que cuenta con Agust\u00edn Brocal, se definieron las fechas de la Final en b\u00fasqueda del ascenso y comenzar\u00e1n el mi\u00e9rcoles 8 en el estadio de Independiente de Oliva que contar\u00e1 con ventaja de local\u00eda.<\/p>\n<hr \/>\n<p><strong>Las Finales:<\/strong><\/p>\n<p>Independiente (O) \u2013 Z\u00e1rate Basket<br \/>\nJuego 1 | Mi\u00e9rcoles 8\/6 | 21.00 horas | Estadio El Gigante (Oliva)<br \/>\nJuego 2 | Viernes 10\/6 | 21.00 horas | Estadio El Gigante (Oliva)<br \/>\nJuego 3 | Martes 14\/6 | 21.00 horas | Estadio Carlos Vasino (Z\u00e1rate)<br \/>\nJuego 4 | Jueves 16\/6 | 21.00 horas | Estadio Carlos Vasino (Z\u00e1rate) -de ser necesario-<br \/>\nJuego 5 | Lunes 20\/6 | 21.00 horas | Estadio El Gigante (Oliva) \u2013de ser necesario-<\/p>\n","protected":false},"excerpt":{"rendered":"<p>Termin\u00f3 la temporada para el \u00faltimo olavarriense en competencia en La Liga Argentina ya que Deportivo Viedma cay\u00f3 en el<\/p>\n","protected":false},"author":96739694,"featured_media":148430,"comment_status":"closed","ping_status":"closed","sticky":false,"template":"","format":"standard","meta":{"_jetpack_memberships_contains_paid_content":false,"footnotes":""},"categories":[31,32,1],"tags":[],"class_list":["post-148429","post","type-post","status-publish","format-standard","has-post-thumbnail","hentry","category-basquet","category-liga-argentina","category-portada"],"jetpack_featured_media_url":"https:\/\/i0.wp.com\/cdnoticias.com\/wp-content\/uploads\/2022\/06\/WhatsApp-Image-2022-06-01-at-3.18.14-PM.jpeg?fit=1280%2C720&ssl=1","jetpack_sharing_enabled":true,"_links":{"self":[{"href":"https:\/\/cdnoticias.com\/index.php\/wp-json\/wp\/v2\/posts\/148429","targetHints":{"allow":["GET"]}}],"collection":[{"href":"https:\/\/cdnoticias.com\/index.php\/wp-json\/wp\/v2\/posts"}],"about":[{"href":"https:\/\/cdnoticias.com\/index.php\/wp-json\/wp\/v2\/types\/post"}],"author":[{"embeddable":true,"href":"https:\/\/cdnoticias.com\/index.php\/wp-json\/wp\/v2\/users\/96739694"}],"replies":[{"embeddable":true,"href":"https:\/\/cdnoticias.com\/index.php\/wp-json\/wp\/v2\/comments?post=148429"}],"version-history":[{"count":0,"href":"https:\/\/cdnoticias.com\/index.php\/wp-json\/wp\/v2\/posts\/148429\/revisions"}],"wp:featuredmedia":[{"embeddable":true,"href":"https:\/\/cdnoticias.com\/index.php\/wp-json\/wp\/v2\/media\/148430"}],"wp:attachment":[{"href":"https:\/\/cdnoticias.com\/index.php\/wp-json\/wp\/v2\/media?parent=148429"}],"wp:term":[{"taxonomy":"category","embeddable":true,"href":"https:\/\/cdnoticias.com\/index.php\/wp-json\/wp\/v2\/categories?post=148429"},{"taxonomy":"post_tag","embeddable":true,"href":"https:\/\/cdnoticias.com\/index.php\/wp-json\/wp\/v2\/tags?post=148429"}],"curies":[{"name":"wp","href":"https:\/\/api.w.org\/{rel}","templated":true}]}}