{"id":148413,"date":"2022-06-01T17:33:15","date_gmt":"2022-06-01T20:33:15","guid":{"rendered":"http:\/\/centraldeportes.com.ar\/?p=17158"},"modified":"2022-06-01T17:33:15","modified_gmt":"2022-06-01T20:33:15","slug":"comenzo-la-competencia-para-la-segunda-categoria","status":"publish","type":"post","link":"https:\/\/cdnoticias.com\/index.php\/2022\/06\/01\/comenzo-la-competencia-para-la-segunda-categoria\/","title":{"rendered":"Comenz\u00f3 la competencia para la Segunda Categor\u00eda"},"content":{"rendered":"<p>Dio inicio el lunes en instalaciones del Museo de las Ciencias el Campeonato Oficial de Segunda Categor\u00eda, que organiza y fiscaliza la Federaci\u00f3n de Ajedrez de Olavarr\u00eda.<!--more--><\/p>\n<hr \/>\n<p>El certamen se disputa por sistema suizo a siete rondas a noventa minutos por jugador m\u00e1s treinta segundos por jugada.\u00a0 A su vez otorga tres plazas para el certamen de primera categor\u00eda y determina un descenso.<\/p>\n<p>&nbsp;<\/p>\n<p>Se juega lunes y jueves, a partir de las 21hs con una hora de tolerancia. La pr\u00f3xima fecha se llevar\u00e1 a cabo el jueves.<\/p>\n<p>&nbsp;<\/p>\n<p>Resultados 1\u00b0 Ronda<\/p>\n<p>Gustavo Bourgeois\u00a0\u00a0\u00a0\u00a0\u00a0\u00a0\u00a0\u00a0 1-0\u00a0\u00a0\u00a0 Juan Sterki<\/p>\n<p>Jesica Biarlo\u00a0\u00a0\u00a0\u00a0\u00a0\u00a0\u00a0\u00a0\u00a0\u00a0\u00a0\u00a0\u00a0\u00a0\u00a0\u00a0\u00a0\u00a0\u00a0\u00a0\u00a0 0-1\u00a0\u00a0 Dar\u00edo Maidana<\/p>\n<p>Bernardo L\u00f3pez\u00a0\u00a0\u00a0\u00a0\u00a0\u00a0\u00a0\u00a0\u00a0\u00a0\u00a0\u00a0\u00a0\u00a0 \u00bd &#8211; \u00bd\u00a0 Eduardo Costilla<\/p>\n<p>Paola Nievas\u00a0\u00a0\u00a0\u00a0\u00a0\u00a0\u00a0 \u00a0\u00a0\u00a0\u00a0\u00a0\u00a0\u00a0\u00a0\u00a0\u00a0\u00a0\u00a01-0\u00a0\u00a0\u00a0\u00a0 Diego Marateo<\/p>\n<p>Rub\u00e9n L\u00f3pez\u00a0\u00a0\u00a0\u00a0\u00a0\u00a0\u00a0\u00a0\u00a0\u00a0\u00a0\u00a0\u00a0\u00a0\u00a0\u00a0\u00a0\u00a0\u00a0 1-0\u00a0\u00a0\u00a0\u00a0 Ra\u00fal Indo<\/p>\n<p>Libre: Augusto Ara\u00f1a<\/p>\n<p>&nbsp;<\/p>\n","protected":false},"excerpt":{"rendered":"<p>Dio inicio el lunes en instalaciones del Museo de las Ciencias el Campeonato Oficial de Segunda Categor\u00eda, que organiza y<\/p>\n","protected":false},"author":96739694,"featured_media":147929,"comment_status":"closed","ping_status":"closed","sticky":false,"template":"","format":"standard","meta":{"_jetpack_memberships_contains_paid_content":false,"footnotes":""},"categories":[30,1],"tags":[],"class_list":["post-148413","post","type-post","status-publish","format-standard","has-post-thumbnail","hentry","category-polideportivo","category-portada"],"jetpack_featured_media_url":"https:\/\/i0.wp.com\/cdnoticias.com\/wp-content\/uploads\/2022\/05\/WhatsApp-Image-2022-05-08-at-2.33.28-PM-1.jpeg?fit=1280%2C963&ssl=1","jetpack_sharing_enabled":true,"_links":{"self":[{"href":"https:\/\/cdnoticias.com\/index.php\/wp-json\/wp\/v2\/posts\/148413","targetHints":{"allow":["GET"]}}],"collection":[{"href":"https:\/\/cdnoticias.com\/index.php\/wp-json\/wp\/v2\/posts"}],"about":[{"href":"https:\/\/cdnoticias.com\/index.php\/wp-json\/wp\/v2\/types\/post"}],"author":[{"embeddable":true,"href":"https:\/\/cdnoticias.com\/index.php\/wp-json\/wp\/v2\/users\/96739694"}],"replies":[{"embeddable":true,"href":"https:\/\/cdnoticias.com\/index.php\/wp-json\/wp\/v2\/comments?post=148413"}],"version-history":[{"count":0,"href":"https:\/\/cdnoticias.com\/index.php\/wp-json\/wp\/v2\/posts\/148413\/revisions"}],"wp:featuredmedia":[{"embeddable":true,"href":"https:\/\/cdnoticias.com\/index.php\/wp-json\/wp\/v2\/media\/147929"}],"wp:attachment":[{"href":"https:\/\/cdnoticias.com\/index.php\/wp-json\/wp\/v2\/media?parent=148413"}],"wp:term":[{"taxonomy":"category","embeddable":true,"href":"https:\/\/cdnoticias.com\/index.php\/wp-json\/wp\/v2\/categories?post=148413"},{"taxonomy":"post_tag","embeddable":true,"href":"https:\/\/cdnoticias.com\/index.php\/wp-json\/wp\/v2\/tags?post=148413"}],"curies":[{"name":"wp","href":"https:\/\/api.w.org\/{rel}","templated":true}]}}