{"id":148407,"date":"2022-09-04T13:56:05","date_gmt":"2022-09-04T16:56:05","guid":{"rendered":"http:\/\/centraldeportes.com.ar\/?p=22190"},"modified":"2022-09-04T13:56:05","modified_gmt":"2022-09-04T16:56:05","slug":"volvio-la-don-nazareno-y-ganaron-dos-locales","status":"publish","type":"post","link":"https:\/\/cdnoticias.com\/index.php\/2022\/09\/04\/volvio-la-don-nazareno-y-ganaron-dos-locales\/","title":{"rendered":"Volvi\u00f3 la \u201cDon Nazareno\u201d y ganaron dos locales"},"content":{"rendered":"<p>Este domingo se corrieron los 21K &#8220;Don Nazareno&#8221; en su regreso tras la pandemia y entre m\u00e1s de 400 atletas que participaron en las tres distancias, los mejores fueron Ezequiel Magallanes y Florencia Ju\u00e1rez.<!--more--><\/p>\n<hr \/>\n<p>Ezequiel Magallanes con un tiempo de 1:16:10 y Florencia Ju\u00e1rez con 1:39:36 fueron los m\u00e1s veloces en la distancia de 21 kil\u00f3metros, evento central de la carrera aventura que se desarroll\u00f3 en la localidad de Sierras Bayas por caminos aleda\u00f1os y de mucho desaf\u00edo.<\/p>\n<p>&nbsp;<\/p>\n<p>La carrera que estuvo fiscalizada por el C\u00edrculo de Atletas Veteranos de Olavarr\u00eda adem\u00e1s consagr\u00f3 a Alfredo Ardiles en los 6 kil\u00f3metros con tiempo de 22:17 y fue escoltado por Ger\u00f3nimo Nata y Mauro Olivera.<\/p>\n<p>&nbsp;<\/p>\n<p>[soliloquy slug=&#8221;cross-3&#8243;]<\/p>\n<p>&nbsp;<\/p>\n<p>Entre las Damas, la m\u00e1s veloz de la distancia corta fue Carla Pacheco con un tiempo de 29 minutos y la acompa\u00f1aron en el podio Ver\u00f3nica Torretta y Guadalupe Cabrera.<\/p>\n<p>&nbsp;<\/p>\n<p>Leonardo Landaburu corri\u00f3 los 12K y fue el primero en cruzar el globo de llegada en 43:40. Diego Ortiz con 47:12 fue segundo y Marcos Pe\u00f1alba con 48:12 fue tercero.<\/p>\n<p>&nbsp;<\/p>\n<p>Los 12 kil\u00f3metros entre las Damas dejaron como ganadora a Yamila Pedreira que necesit\u00f3 56 minutos y 21 segundos para completar el circuito; Nerina Morales lleg\u00f3 en segundo lugar con 57:45 y Mar\u00eda \u00c1lvarez ocup\u00f3 el tercer escal\u00f3n del podio con 58:10.<\/p>\n<p>&nbsp;<\/p>\n<p>La carrera aventura cont\u00f3 con m\u00e1s de 400 atletas entre las tres distancias y adem\u00e1s, hubo stands de artesanos y un muy buen marco de p\u00fablico.<\/p>\n","protected":false},"excerpt":{"rendered":"<p>Este domingo se corrieron los 21K &#8220;Don Nazareno&#8221; en su regreso tras la pandemia y entre m\u00e1s de 400 atletas<\/p>\n","protected":false},"author":96739694,"featured_media":148408,"comment_status":"closed","ping_status":"closed","sticky":false,"template":"","format":"standard","meta":{"_jetpack_memberships_contains_paid_content":false,"footnotes":""},"categories":[38,1],"tags":[],"class_list":["post-148407","post","type-post","status-publish","format-standard","has-post-thumbnail","hentry","category-pedestrismo","category-portada"],"jetpack_featured_media_url":"https:\/\/i0.wp.com\/cdnoticias.com\/wp-content\/uploads\/2022\/09\/Photo_1662308245137.jpg?fit=1600%2C1200&ssl=1","jetpack_sharing_enabled":true,"_links":{"self":[{"href":"https:\/\/cdnoticias.com\/index.php\/wp-json\/wp\/v2\/posts\/148407","targetHints":{"allow":["GET"]}}],"collection":[{"href":"https:\/\/cdnoticias.com\/index.php\/wp-json\/wp\/v2\/posts"}],"about":[{"href":"https:\/\/cdnoticias.com\/index.php\/wp-json\/wp\/v2\/types\/post"}],"author":[{"embeddable":true,"href":"https:\/\/cdnoticias.com\/index.php\/wp-json\/wp\/v2\/users\/96739694"}],"replies":[{"embeddable":true,"href":"https:\/\/cdnoticias.com\/index.php\/wp-json\/wp\/v2\/comments?post=148407"}],"version-history":[{"count":0,"href":"https:\/\/cdnoticias.com\/index.php\/wp-json\/wp\/v2\/posts\/148407\/revisions"}],"wp:featuredmedia":[{"embeddable":true,"href":"https:\/\/cdnoticias.com\/index.php\/wp-json\/wp\/v2\/media\/148408"}],"wp:attachment":[{"href":"https:\/\/cdnoticias.com\/index.php\/wp-json\/wp\/v2\/media?parent=148407"}],"wp:term":[{"taxonomy":"category","embeddable":true,"href":"https:\/\/cdnoticias.com\/index.php\/wp-json\/wp\/v2\/categories?post=148407"},{"taxonomy":"post_tag","embeddable":true,"href":"https:\/\/cdnoticias.com\/index.php\/wp-json\/wp\/v2\/tags?post=148407"}],"curies":[{"name":"wp","href":"https:\/\/api.w.org\/{rel}","templated":true}]}}