{"id":148393,"date":"2022-09-04T19:14:18","date_gmt":"2022-09-04T22:14:18","guid":{"rendered":"http:\/\/centraldeportes.com.ar\/?p=22245"},"modified":"2022-09-04T19:14:18","modified_gmt":"2022-09-04T22:14:18","slug":"medalla-para-tatiana-tonel-en-el-cierre-de-la-copa-nacional","status":"publish","type":"post","link":"https:\/\/cdnoticias.com\/index.php\/2022\/09\/04\/medalla-para-tatiana-tonel-en-el-cierre-de-la-copa-nacional\/","title":{"rendered":"Medalla para Tatiana Tonel en el cierre de la \u201cCopa Nacional\u201d"},"content":{"rendered":"<p>Lleg\u00f3 a su fin la \u201cCopa Nacional\u201d de Mayores que se desarroll\u00f3 en Mar del Plata y fue con medalla para una de las representantes del Club El Fort\u00edn.<!--more--><\/p>\n<hr \/>\n<p>Tatiana Tonel logr\u00f3 la medalla de bronce en los 400 metros con vallas con un tiempo de 1:09.85. Adem\u00e1s, la \u201cFortinera\u201d tom\u00f3 parte de los 200 metros, donde en su serie logr\u00f3 la 5\u00b0 colocaci\u00f3n con un registro de 27.82.<\/p>\n<p>&nbsp;<\/p>\n<p>En los 200 metros tambi\u00e9n corri\u00f3 Tamara Moro y logr\u00f3 la 8\u00b0 ubicaci\u00f3n con un tiempo de 36.02.<\/p>\n<p>&nbsp;<\/p>\n<p>Entre los varones, Ignacio Alga\u00f1araz particip\u00f3 en los 400 metros con vallas y registr\u00f3 un tiempo de 1:02.60 para colocarse en la 11\u00b0 colocaci\u00f3n\u00a0 en la final y en los 200 metros logr\u00f3 la 4\u00b0 ubicaci\u00f3n con un registro de 23.70.<\/p>\n<p>&nbsp;<\/p>\n<p>Bautista Astiz comenz\u00f3 la jornada con la serie de 400 metros con vallas donde logr\u00f3 la 7\u00b0 colocaci\u00f3n en la final con un tiempo de 1.01.00 y en los 200 metros tuvo un tiempo de 22.31 para lograr su mejor marca personal y quedar en el 9\u00b0 puesto de la final.<\/p>\n<p>&nbsp;<\/p>\n<p>Ariel Laplace particip\u00f3 de los 200 metros donde logr\u00f3 la 6\u00b0 colocaci\u00f3n con 29.38 y Lautaro \u00c1lvarez tom\u00f3 parte de la serie de 400 con vallas donde logr\u00f3 un tiempo de 1.03.60 para colocarse en la 12\u00b0 colocaci\u00f3n en la clasificaci\u00f3n final.<\/p>\n","protected":false},"excerpt":{"rendered":"<p>Lleg\u00f3 a su fin la \u201cCopa Nacional\u201d de Mayores que se desarroll\u00f3 en Mar del Plata y fue con medalla<\/p>\n","protected":false},"author":96739694,"featured_media":148394,"comment_status":"closed","ping_status":"closed","sticky":false,"template":"","format":"standard","meta":{"_jetpack_memberships_contains_paid_content":false,"footnotes":""},"categories":[38,1],"tags":[],"class_list":["post-148393","post","type-post","status-publish","format-standard","has-post-thumbnail","hentry","category-pedestrismo","category-portada"],"jetpack_featured_media_url":"https:\/\/i0.wp.com\/cdnoticias.com\/wp-content\/uploads\/2022\/09\/WhatsApp-Image-2022-09-04-at-18.25.47-e1662329647239.jpeg?fit=720%2C508&ssl=1","jetpack_sharing_enabled":true,"_links":{"self":[{"href":"https:\/\/cdnoticias.com\/index.php\/wp-json\/wp\/v2\/posts\/148393","targetHints":{"allow":["GET"]}}],"collection":[{"href":"https:\/\/cdnoticias.com\/index.php\/wp-json\/wp\/v2\/posts"}],"about":[{"href":"https:\/\/cdnoticias.com\/index.php\/wp-json\/wp\/v2\/types\/post"}],"author":[{"embeddable":true,"href":"https:\/\/cdnoticias.com\/index.php\/wp-json\/wp\/v2\/users\/96739694"}],"replies":[{"embeddable":true,"href":"https:\/\/cdnoticias.com\/index.php\/wp-json\/wp\/v2\/comments?post=148393"}],"version-history":[{"count":0,"href":"https:\/\/cdnoticias.com\/index.php\/wp-json\/wp\/v2\/posts\/148393\/revisions"}],"wp:featuredmedia":[{"embeddable":true,"href":"https:\/\/cdnoticias.com\/index.php\/wp-json\/wp\/v2\/media\/148394"}],"wp:attachment":[{"href":"https:\/\/cdnoticias.com\/index.php\/wp-json\/wp\/v2\/media?parent=148393"}],"wp:term":[{"taxonomy":"category","embeddable":true,"href":"https:\/\/cdnoticias.com\/index.php\/wp-json\/wp\/v2\/categories?post=148393"},{"taxonomy":"post_tag","embeddable":true,"href":"https:\/\/cdnoticias.com\/index.php\/wp-json\/wp\/v2\/tags?post=148393"}],"curies":[{"name":"wp","href":"https:\/\/api.w.org\/{rel}","templated":true}]}}