{"id":14839,"date":"2021-02-27T09:28:00","date_gmt":"2021-02-27T12:28:00","guid":{"rendered":"http:\/\/www.centraldenoticias.com.ar\/?p=14839"},"modified":"2021-02-27T10:06:09","modified_gmt":"2021-02-27T13:06:09","slug":"otra-vez-la-colecta-supero-los-3-000-envases-de-agroquimicos","status":"publish","type":"post","link":"https:\/\/cdnoticias.com\/index.php\/2021\/02\/27\/otra-vez-la-colecta-supero-los-3-000-envases-de-agroquimicos\/","title":{"rendered":"Otra vez, la colecta super\u00f3 los 3.000 envases de agroqu\u00edmicos"},"content":{"rendered":"<p>Fue la segunda jornada de recepci\u00f3n de bidones para reciclaje en el Parque de Granos. La Sociedad Rural destac\u00f3 que \u201cse superaron la expectativas\u201d.<!--more--><\/p>\n<hr \/>\n<p><strong>\u201cExitosa jornada de recepcio\u0301n de envases vaci\u0301os de fitosanitarios\u201d<\/strong> inform\u00f3 la Sociedad Rural acerca de la segunda jornada de este tipo que se llev\u00f3 a cabo en Olavarr\u00eda donde<strong> nuevamente se super\u00f3 la entrega de 3.000 unidades que acercaron los productores<\/strong>.<\/p>\n<p>En esta oportunidad <strong>tuvo lugar en el Parque de Granos el mi\u00e9rcoles<\/strong>. All\u00ed estuvieron, para acompa\u00f1ar la jornada, el director de Desarrollo Agropecuario de la Municipalidad, Hugo Santonja; el titular de Campo Limpio, Julio Pagola; el integrante de la Asociaci\u00f3n de Ingenieros Agr\u00f3nomos, Ricardo Silvestro; y el presidente de la Sociedad Rural local, Sebastia\u0301n Matrella.<\/p>\n<p>Las tareas administrativas estuvieron a cargo de Fernando Paladino, en representacio\u0301n de las agronomi\u0301as de Olavarri\u0301a y de la Asociacio\u0301n de Ingenieros Agro\u0301nomos. A su vez, trabajaron en la colecta y de la carga cuatro personas provistas de indumentaria y proteccio\u0301n adecuada quienes constituyeron un aporte de la Municipalidad.<\/p>\n<p><img data-recalc-dims=\"1\" loading=\"lazy\" decoding=\"async\" class=\"aligncenter wp-image-14842 size-full\" src=\"https:\/\/i0.wp.com\/cdnoticias.com\/wp-content\/uploads\/2021\/02\/envases-fitosanitarios-rural-01.jpg?resize=767%2C611&#038;ssl=1\" alt=\"\" width=\"767\" height=\"611\" srcset=\"https:\/\/i0.wp.com\/cdnoticias.com\/wp-content\/uploads\/2021\/02\/envases-fitosanitarios-rural-01.jpg?w=767&amp;ssl=1 767w, https:\/\/i0.wp.com\/cdnoticias.com\/wp-content\/uploads\/2021\/02\/envases-fitosanitarios-rural-01.jpg?resize=300%2C239&amp;ssl=1 300w\" sizes=\"auto, (max-width: 767px) 100vw, 767px\" \/><\/p>\n<blockquote><p>La Sociedad Rural inform\u00f3 que \u201cfueron cargados alrededor de 3.300 bidones vaci\u0301os de agroqui\u0301micos, superando las expectativas de los organizadores\u201d.<\/p><\/blockquote>\n<p>Por \u00faltimo, se detall\u00f3 que m\u00e1s ruralistas interesados en llevar envases quedaron a la espera de <strong>una nueva jornada de recepcio\u0301n que se programara\u0301 pro\u0301ximamente<\/strong>.<\/p>\n<p>Cabe recordar que <a href=\"https:\/\/cdnoticias.com\/index.php\/2021\/02\/13\/el-campo-mas-verde-colectaron-3-095-bidones-de-fitosanitarios-para-reciclar\/\" target=\"_blank\" rel=\"noopener\">la primera jornada tuvo lugar el 11 de febrero<\/a> y all\u00ed se hab\u00edan entregado 3.095 envases, con lo que <strong>durante febrero desde el campo local se entregaron casi 6.400 para destinar al reciclaje<\/strong>.<\/p>\n","protected":false},"excerpt":{"rendered":"<p>Fue la segunda jornada de recepci\u00f3n de bidones para reciclaje en el Parque de Granos. La Sociedad Rural destac\u00f3 que<\/p>\n","protected":false},"author":4,"featured_media":14841,"comment_status":"closed","ping_status":"closed","sticky":false,"template":"","format":"standard","meta":{"_jetpack_memberships_contains_paid_content":false,"footnotes":""},"categories":[5,1],"tags":[],"class_list":["post-14839","post","type-post","status-publish","format-standard","has-post-thumbnail","hentry","category-informacion-general","category-portada"],"jetpack_featured_media_url":"https:\/\/i0.wp.com\/cdnoticias.com\/wp-content\/uploads\/2021\/02\/envases-fitosanitarios-rural-1.jpeg?fit=1024%2C576&ssl=1","jetpack_sharing_enabled":true,"_links":{"self":[{"href":"https:\/\/cdnoticias.com\/index.php\/wp-json\/wp\/v2\/posts\/14839","targetHints":{"allow":["GET"]}}],"collection":[{"href":"https:\/\/cdnoticias.com\/index.php\/wp-json\/wp\/v2\/posts"}],"about":[{"href":"https:\/\/cdnoticias.com\/index.php\/wp-json\/wp\/v2\/types\/post"}],"author":[{"embeddable":true,"href":"https:\/\/cdnoticias.com\/index.php\/wp-json\/wp\/v2\/users\/4"}],"replies":[{"embeddable":true,"href":"https:\/\/cdnoticias.com\/index.php\/wp-json\/wp\/v2\/comments?post=14839"}],"version-history":[{"count":0,"href":"https:\/\/cdnoticias.com\/index.php\/wp-json\/wp\/v2\/posts\/14839\/revisions"}],"wp:featuredmedia":[{"embeddable":true,"href":"https:\/\/cdnoticias.com\/index.php\/wp-json\/wp\/v2\/media\/14841"}],"wp:attachment":[{"href":"https:\/\/cdnoticias.com\/index.php\/wp-json\/wp\/v2\/media?parent=14839"}],"wp:term":[{"taxonomy":"category","embeddable":true,"href":"https:\/\/cdnoticias.com\/index.php\/wp-json\/wp\/v2\/categories?post=14839"},{"taxonomy":"post_tag","embeddable":true,"href":"https:\/\/cdnoticias.com\/index.php\/wp-json\/wp\/v2\/tags?post=14839"}],"curies":[{"name":"wp","href":"https:\/\/api.w.org\/{rel}","templated":true}]}}