{"id":148363,"date":"2022-09-02T18:52:56","date_gmt":"2022-09-02T21:52:56","guid":{"rendered":"http:\/\/centraldeportes.com.ar\/?p=22027"},"modified":"2022-09-02T18:52:56","modified_gmt":"2022-09-02T21:52:56","slug":"mas-de-cuarenta-taekwondistas-tienen-nuevo-cinturon","status":"publish","type":"post","link":"https:\/\/cdnoticias.com\/index.php\/2022\/09\/02\/mas-de-cuarenta-taekwondistas-tienen-nuevo-cinturon\/","title":{"rendered":"M\u00e1s de cuarenta taekwondistas tienen nuevo cintur\u00f3n"},"content":{"rendered":"<p>El pasado martes se realiz\u00f3 un numeroso examen en el Club Loma Negra y m\u00e1s de cuarenta deportistas lograron sortear con \u00e9xito sus presentaciones para lucir nuevos cinturones.<!--more--><\/p>\n<hr \/>\n<p>El Club Loma Negra recibi\u00f3, el pasado martes, a una numerosa delegaci\u00f3n de deportistas que rindieron examen ante el Maestro Andr\u00e9s Carosella y los instructores Sabum Nim, Juan Lopetegui, Mat\u00edas Moretti, Gast\u00f3n Ceccarelli, Bel\u00e9n Lopardo.<\/p>\n<p>&nbsp;<\/p>\n<p>Deportistas del \u201cCeleste\u201d, Ferro, Gimnasio Nitro y Club La Plateada se presentaron ante Carosella y la evaluaci\u00f3n tuvo los siguientes resultados:<\/p>\n<p>&nbsp;<\/p>\n<p>Cintur\u00f3n blanco punta amarilla: Joaqu\u00edn Ba\u00fclmer, Renata Oliva, Yolanda Gallastegui, Samira Maier, Maile Rodr\u00edguez, Francisco Vidal Sanchez, Dante Igui\u00f1iz, Manuel Dietz, Alina Cabral, Bautista Fern\u00e1ndez, Agustina P\u00e9rez, Valent\u00edn Cervino<\/p>\n<p>Cintur\u00f3n amarillo: Angelo Greco, Bladimir Pacheco, Mercedes Arce, Natalia Roldan, Lorenzo Mangudo, Bianca Merlo, Milagros S\u00e1nchez, Pablo Pradas, Donato Montero, Santiago Quiroga, Halle Galo Garc\u00eda, Iam Mato.<\/p>\n<p>Cintur\u00f3n punta verde: Lautaro Gallastegui, Diego Fran, Lola Sibiglia, Camila Sibiglia, Luciano Chiarenza, Isaac Ma\u00edz.<\/p>\n<p>Cintur\u00f3n verde: Jayko L\u00f3pez, Franca Pluis, Laureano Camalbide, Mar\u00eda Elizabeth Spinola, Le\u00f3n Basualdo, Joaqu\u00edn Ib\u00e1\u00f1ez<\/p>\n<p>Cintur\u00f3n punta azul: Florencia Las Heras.<\/p>\n<p>Cintur\u00f3n azul: Irina Vaquila, Emilio Murabito.<\/p>\n<p>Cintur\u00f3n punta roja: Bruno Romanelli, Santino Recabarren, Joaqu\u00edn Garc\u00eda.<\/p>\n<p>Cintur\u00f3n rojo: Fabi\u00e1n Alzogaray.<\/p>\n<p>Cintur\u00f3n\u00a0 punta negra: Alexis Pedersen y Macarena Carosella.<\/p>\n","protected":false},"excerpt":{"rendered":"<p>El pasado martes se realiz\u00f3 un numeroso examen en el Club Loma Negra y m\u00e1s de cuarenta deportistas lograron sortear<\/p>\n","protected":false},"author":96739694,"featured_media":148364,"comment_status":"closed","ping_status":"closed","sticky":false,"template":"","format":"standard","meta":{"_jetpack_memberships_contains_paid_content":false,"footnotes":""},"categories":[30,1],"tags":[],"class_list":["post-148363","post","type-post","status-publish","format-standard","has-post-thumbnail","hentry","category-polideportivo","category-portada"],"jetpack_featured_media_url":"https:\/\/i0.wp.com\/cdnoticias.com\/wp-content\/uploads\/2022\/09\/WhatsApp-Image-2022-09-01-at-15.29.18-e1662155564134.jpeg?fit=1500%2C840&ssl=1","jetpack_sharing_enabled":true,"_links":{"self":[{"href":"https:\/\/cdnoticias.com\/index.php\/wp-json\/wp\/v2\/posts\/148363","targetHints":{"allow":["GET"]}}],"collection":[{"href":"https:\/\/cdnoticias.com\/index.php\/wp-json\/wp\/v2\/posts"}],"about":[{"href":"https:\/\/cdnoticias.com\/index.php\/wp-json\/wp\/v2\/types\/post"}],"author":[{"embeddable":true,"href":"https:\/\/cdnoticias.com\/index.php\/wp-json\/wp\/v2\/users\/96739694"}],"replies":[{"embeddable":true,"href":"https:\/\/cdnoticias.com\/index.php\/wp-json\/wp\/v2\/comments?post=148363"}],"version-history":[{"count":0,"href":"https:\/\/cdnoticias.com\/index.php\/wp-json\/wp\/v2\/posts\/148363\/revisions"}],"wp:featuredmedia":[{"embeddable":true,"href":"https:\/\/cdnoticias.com\/index.php\/wp-json\/wp\/v2\/media\/148364"}],"wp:attachment":[{"href":"https:\/\/cdnoticias.com\/index.php\/wp-json\/wp\/v2\/media?parent=148363"}],"wp:term":[{"taxonomy":"category","embeddable":true,"href":"https:\/\/cdnoticias.com\/index.php\/wp-json\/wp\/v2\/categories?post=148363"},{"taxonomy":"post_tag","embeddable":true,"href":"https:\/\/cdnoticias.com\/index.php\/wp-json\/wp\/v2\/tags?post=148363"}],"curies":[{"name":"wp","href":"https:\/\/api.w.org\/{rel}","templated":true}]}}