{"id":148355,"date":"2022-09-02T21:50:31","date_gmt":"2022-09-03T00:50:31","guid":{"rendered":"http:\/\/centraldeportes.com.ar\/?p=22033"},"modified":"2022-09-02T21:50:31","modified_gmt":"2022-09-03T00:50:31","slug":"los-campeones-del-apertura-jugaran-el-torneo-de-selecciones","status":"publish","type":"post","link":"https:\/\/cdnoticias.com\/index.php\/2022\/09\/02\/los-campeones-del-apertura-jugaran-el-torneo-de-selecciones\/","title":{"rendered":"Los campeones del Apertura jugar\u00e1n el Torneo de Selecciones"},"content":{"rendered":"<p>El Fort\u00edn y Racing representar\u00e1n a Olavarr\u00eda el Torneo Clasificatorio organizado por la Federaci\u00f3n Bonaerense Pampeana de F\u00fatbol que dar\u00e1 inicio la venidera semana enfrentando a Azul.<!--more--><\/p>\n<hr \/>\n<p>El Departamento de F\u00fatbol Menor de la Liga de F\u00fatbol decidi\u00f3 que las selecciones locales sean representadas por los campeones del Torneo Apertura por lo que El Fort\u00edn con los futbolistas nacidos en 2009 y Racing en Sub15 jugar\u00e1n los Torneos Clasificatorios.<\/p>\n<p>&nbsp;<\/p>\n<p>La competencia dar\u00e1 inicio el 8 de septiembre y 13 selecciones representantes de la Federaci\u00f3n (habr\u00e1 dos clasificados) buscar\u00e1n el pasaje al Campeonato Nacional de Mendoza.<\/p>\n<p>&nbsp;<\/p>\n<p>El \u201cFortinero\u201d que ser\u00e1 el representante enSub13 jugar\u00e1 solamente contra Azul en un mano a mano que iniciar\u00e1 con duelo en la vecina ciudad y a la semana siguiente de local y los \u201cChairas\u201d deber\u00e1n enfrentar a Azul en el debut, descansar\u00e1n en la segunda fecha y en la tercera jugar\u00e1n vs Tandil para luego invertir las locales.<\/p>\n","protected":false},"excerpt":{"rendered":"<p>El Fort\u00edn y Racing representar\u00e1n a Olavarr\u00eda el Torneo Clasificatorio organizado por la Federaci\u00f3n Bonaerense Pampeana de F\u00fatbol que dar\u00e1<\/p>\n","protected":false},"author":96739694,"featured_media":148356,"comment_status":"closed","ping_status":"closed","sticky":false,"template":"","format":"standard","meta":{"_jetpack_memberships_contains_paid_content":false,"footnotes":""},"categories":[35,40,1],"tags":[],"class_list":["post-148355","post","type-post","status-publish","format-standard","has-post-thumbnail","hentry","category-futbol","category-inferiores","category-portada"],"jetpack_featured_media_url":"https:\/\/i0.wp.com\/cdnoticias.com\/wp-content\/uploads\/2022\/09\/300585816_474775951324277_7289963614952974386_n.jpg?fit=1080%2C620&ssl=1","jetpack_sharing_enabled":true,"_links":{"self":[{"href":"https:\/\/cdnoticias.com\/index.php\/wp-json\/wp\/v2\/posts\/148355","targetHints":{"allow":["GET"]}}],"collection":[{"href":"https:\/\/cdnoticias.com\/index.php\/wp-json\/wp\/v2\/posts"}],"about":[{"href":"https:\/\/cdnoticias.com\/index.php\/wp-json\/wp\/v2\/types\/post"}],"author":[{"embeddable":true,"href":"https:\/\/cdnoticias.com\/index.php\/wp-json\/wp\/v2\/users\/96739694"}],"replies":[{"embeddable":true,"href":"https:\/\/cdnoticias.com\/index.php\/wp-json\/wp\/v2\/comments?post=148355"}],"version-history":[{"count":0,"href":"https:\/\/cdnoticias.com\/index.php\/wp-json\/wp\/v2\/posts\/148355\/revisions"}],"wp:featuredmedia":[{"embeddable":true,"href":"https:\/\/cdnoticias.com\/index.php\/wp-json\/wp\/v2\/media\/148356"}],"wp:attachment":[{"href":"https:\/\/cdnoticias.com\/index.php\/wp-json\/wp\/v2\/media?parent=148355"}],"wp:term":[{"taxonomy":"category","embeddable":true,"href":"https:\/\/cdnoticias.com\/index.php\/wp-json\/wp\/v2\/categories?post=148355"},{"taxonomy":"post_tag","embeddable":true,"href":"https:\/\/cdnoticias.com\/index.php\/wp-json\/wp\/v2\/tags?post=148355"}],"curies":[{"name":"wp","href":"https:\/\/api.w.org\/{rel}","templated":true}]}}