{"id":148351,"date":"2022-09-02T21:57:43","date_gmt":"2022-09-03T00:57:43","guid":{"rendered":"http:\/\/centraldeportes.com.ar\/?p=22036"},"modified":"2022-09-02T21:57:43","modified_gmt":"2022-09-03T00:57:43","slug":"dos-fortineros-subieron-al-podio-en-san-luis","status":"publish","type":"post","link":"https:\/\/cdnoticias.com\/index.php\/2022\/09\/02\/dos-fortineros-subieron-al-podio-en-san-luis\/","title":{"rendered":"Dos \u201cFortineros\u201d subieron al podio en San Luis"},"content":{"rendered":"<p>Juan Saenz y Ariel Tapia lograron subir al podio el pasado fin de semana en San Luis donde se llev\u00f3 a cabo el \u201cDonovan Marathon Fest\u201d.<!--more--><\/p>\n<hr \/>\n<p>Representantes de equipo M\u00e1ster de pat\u00edn carrera de El Fort\u00edn\u00a0 compitieron el pasado fin de semana en San Luis entre m\u00e1s de 300 patinadores en la distancia de 21 kil\u00f3metros.<\/p>\n<p>&nbsp;<\/p>\n<p>Patricia Herrera, Marcelo Ranucci, Juan Saenz, Facundo Escobar Rearte y Ariel Tapia representaron al \u201cFortinero\u201d en el certamen nacional y dos integrantes de \u201cLa Garra\u201d se subieron al podio.<\/p>\n<p>&nbsp;<\/p>\n<p>Juan Saenz logr\u00f3 medalla de oro y Ariel Tapia fue tercero, pero adem\u00e1s, el resto de la delegaci\u00f3n se ubic\u00f3 dentro del Top10 por lo que fueron recibidos por la Comisi\u00f3n Directiva de la entidad emblem\u00e1tica del barrio Luj\u00e1n.<\/p>\n","protected":false},"excerpt":{"rendered":"<p>Juan Saenz y Ariel Tapia lograron subir al podio el pasado fin de semana en San Luis donde se llev\u00f3<\/p>\n","protected":false},"author":96739694,"featured_media":148352,"comment_status":"closed","ping_status":"closed","sticky":false,"template":"","format":"standard","meta":{"_jetpack_memberships_contains_paid_content":false,"footnotes":""},"categories":[30,1],"tags":[],"class_list":["post-148351","post","type-post","status-publish","format-standard","has-post-thumbnail","hentry","category-polideportivo","category-portada"],"jetpack_featured_media_url":"https:\/\/i0.wp.com\/cdnoticias.com\/wp-content\/uploads\/2022\/09\/301793955_473699138098625_6965245054989100141_n-e1662166564277.jpg?fit=842%2C523&ssl=1","jetpack_sharing_enabled":true,"_links":{"self":[{"href":"https:\/\/cdnoticias.com\/index.php\/wp-json\/wp\/v2\/posts\/148351","targetHints":{"allow":["GET"]}}],"collection":[{"href":"https:\/\/cdnoticias.com\/index.php\/wp-json\/wp\/v2\/posts"}],"about":[{"href":"https:\/\/cdnoticias.com\/index.php\/wp-json\/wp\/v2\/types\/post"}],"author":[{"embeddable":true,"href":"https:\/\/cdnoticias.com\/index.php\/wp-json\/wp\/v2\/users\/96739694"}],"replies":[{"embeddable":true,"href":"https:\/\/cdnoticias.com\/index.php\/wp-json\/wp\/v2\/comments?post=148351"}],"version-history":[{"count":0,"href":"https:\/\/cdnoticias.com\/index.php\/wp-json\/wp\/v2\/posts\/148351\/revisions"}],"wp:featuredmedia":[{"embeddable":true,"href":"https:\/\/cdnoticias.com\/index.php\/wp-json\/wp\/v2\/media\/148352"}],"wp:attachment":[{"href":"https:\/\/cdnoticias.com\/index.php\/wp-json\/wp\/v2\/media?parent=148351"}],"wp:term":[{"taxonomy":"category","embeddable":true,"href":"https:\/\/cdnoticias.com\/index.php\/wp-json\/wp\/v2\/categories?post=148351"},{"taxonomy":"post_tag","embeddable":true,"href":"https:\/\/cdnoticias.com\/index.php\/wp-json\/wp\/v2\/tags?post=148351"}],"curies":[{"name":"wp","href":"https:\/\/api.w.org\/{rel}","templated":true}]}}