{"id":148311,"date":"2022-05-28T19:30:37","date_gmt":"2022-05-28T22:30:37","guid":{"rendered":"http:\/\/centraldeportes.com.ar\/?p=16954"},"modified":"2022-05-28T19:30:37","modified_gmt":"2022-05-28T22:30:37","slug":"agustin-vernice-volvio-a-presentarse-en-la-copa-del-mundo-de-polonia","status":"publish","type":"post","link":"https:\/\/cdnoticias.com\/index.php\/2022\/05\/28\/agustin-vernice-volvio-a-presentarse-en-la-copa-del-mundo-de-polonia\/","title":{"rendered":"Agust\u00edn Vernice volvi\u00f3 a presentarse en la Copa del Mundo de Polonia"},"content":{"rendered":"<p>Vernice fue cuarto en las semifinales de 500 metros y no le alcanz\u00f3 para clasificar a la final &#8216;A&#8217;.<\/p>\n<p><!--more--><\/p>\n<hr \/>\n<p>Gran carrera hizo Agust\u00edn Vernice en horas del mediod\u00eda argentino en las semifinales de K1 500 metros, que por apenas un puesto no logro la clasificaci\u00f3n a la Final &#8216;A&#8217; de la competencia.<\/p>\n<p>&nbsp;<\/p>\n<p>El palista bataraz firm\u00f3 un tiempo de 1:39.00 y qued\u00f3 detr\u00e1s de los dos australianos, Jackson Collins y Jean Van Der Westhuyzen y del portugu\u00e9s Fernando Pimenta. Los tres primeros puestos, lograron el pase a la Final &#8216;A&#8217; y Vernice qued\u00f3 en la puerta a 0.60 mil\u00e9simas del tercero.<\/p>\n<p>&nbsp;<\/p>\n<p>En una supuesta clasificaci\u00f3n a la Final &#8216;B&#8217;, la competencia decidi\u00f3 cancelar dichas carreras y solo que se dispute la &#8216;A&#8217;.<\/p>\n<p>&nbsp;<\/p>\n<p>Agust\u00edn Vernice cerrar\u00e1 su competencia en la segunda copa del mundo este domingo desde las 4:20 hora de Argentina cuando corra la Final &#8216;A&#8217; de K1 1000.<\/p>\n","protected":false},"excerpt":{"rendered":"<p>Vernice fue cuarto en las semifinales de 500 metros y no le alcanz\u00f3 para clasificar a la final &#8216;A&#8217;.<\/p>\n","protected":false},"author":96739694,"featured_media":145503,"comment_status":"closed","ping_status":"closed","sticky":false,"template":"","format":"standard","meta":{"_jetpack_memberships_contains_paid_content":false,"footnotes":""},"categories":[30,1],"tags":[],"class_list":["post-148311","post","type-post","status-publish","format-standard","has-post-thumbnail","hentry","category-polideportivo","category-portada"],"jetpack_featured_media_url":"https:\/\/i0.wp.com\/cdnoticias.com\/wp-content\/uploads\/2021\/12\/WhatsApp-Image-2021-12-17-at-16.49.37-1.jpeg?fit=1080%2C720&ssl=1","jetpack_sharing_enabled":true,"_links":{"self":[{"href":"https:\/\/cdnoticias.com\/index.php\/wp-json\/wp\/v2\/posts\/148311","targetHints":{"allow":["GET"]}}],"collection":[{"href":"https:\/\/cdnoticias.com\/index.php\/wp-json\/wp\/v2\/posts"}],"about":[{"href":"https:\/\/cdnoticias.com\/index.php\/wp-json\/wp\/v2\/types\/post"}],"author":[{"embeddable":true,"href":"https:\/\/cdnoticias.com\/index.php\/wp-json\/wp\/v2\/users\/96739694"}],"replies":[{"embeddable":true,"href":"https:\/\/cdnoticias.com\/index.php\/wp-json\/wp\/v2\/comments?post=148311"}],"version-history":[{"count":0,"href":"https:\/\/cdnoticias.com\/index.php\/wp-json\/wp\/v2\/posts\/148311\/revisions"}],"wp:featuredmedia":[{"embeddable":true,"href":"https:\/\/cdnoticias.com\/index.php\/wp-json\/wp\/v2\/media\/145503"}],"wp:attachment":[{"href":"https:\/\/cdnoticias.com\/index.php\/wp-json\/wp\/v2\/media?parent=148311"}],"wp:term":[{"taxonomy":"category","embeddable":true,"href":"https:\/\/cdnoticias.com\/index.php\/wp-json\/wp\/v2\/categories?post=148311"},{"taxonomy":"post_tag","embeddable":true,"href":"https:\/\/cdnoticias.com\/index.php\/wp-json\/wp\/v2\/tags?post=148311"}],"curies":[{"name":"wp","href":"https:\/\/api.w.org\/{rel}","templated":true}]}}