{"id":1483,"date":"2020-09-13T19:36:10","date_gmt":"2020-09-13T22:36:10","guid":{"rendered":"http:\/\/www.centraldenoticias.com.ar\/?p=1483"},"modified":"2020-09-13T19:53:56","modified_gmt":"2020-09-13T22:53:56","slug":"reclamo-policial-asi-quedaron-los-salarios-de-la-policia-bonaerense","status":"publish","type":"post","link":"https:\/\/cdnoticias.com\/index.php\/2020\/09\/13\/reclamo-policial-asi-quedaron-los-salarios-de-la-policia-bonaerense\/","title":{"rendered":"Reclamo policial: As\u00ed quedaron los salarios de la Polic\u00eda bonaerense"},"content":{"rendered":"<p>Se conoci\u00f3 la nueva escala salarial de la fuerza provincial. <strong>Con los sueldos de septiembre, los agentes tambi\u00e9n cobrar\u00e1n un bono.<\/strong><\/p>\n<hr \/>\n<p>&nbsp;<\/p>\n<p>El Ejecutivo provincial dio a conocer la escala salarial de la Polic\u00eda bonaerense tras el a<a href=\"https:\/\/cdnoticias.com\/index.php\/2020\/09\/10\/kicillof-anuncio-aumento-salarial-para-la-policia\/\">nuncio de incremento realizado la semana pasada por el gobernador Axel Kicillof<\/a>, luego de fuertes <a href=\"https:\/\/cdnoticias.com\/index.php\/2020\/09\/09\/tercer-dia-de-marchas-en-la-ciudad-en-apoyo-al-reclamo-de-la-policia-bonaerense\/\">protestas protagonizadas por agentes de la fuerza.<\/a><\/p>\n<p>&nbsp;<\/p>\n<p>Con el aumento determinado por el Gobierno provincial, tal como adelant\u00f3 Kicillof, u<strong>n oficial de la Bonaerense cobrar\u00e1 ahora de bolsillo $ 44.459 en el subescalaf\u00f3n \u201cgeneral y comando\u201d<\/strong>, mientras que el salario arribar\u00e1 a $33.583 para oficiales pertenecientes a subescalaf\u00f3n \u201cprofesional, administrativo, t\u00e9cnico, servicios generales y de emergencias telef\u00f3nicas 911\u201d.<\/p>\n<p>&nbsp;<\/p>\n<p><img data-recalc-dims=\"1\" loading=\"lazy\" decoding=\"async\" class=\"alignnone size-large wp-image-1206\" src=\"https:\/\/i0.wp.com\/cdnoticias.com\/wp-content\/uploads\/2020\/09\/DSC_8785.jpg?resize=800%2C534&#038;ssl=1\" alt=\"\" width=\"800\" height=\"534\" srcset=\"https:\/\/i0.wp.com\/cdnoticias.com\/wp-content\/uploads\/2020\/09\/DSC_8785.jpg?resize=1024%2C683&amp;ssl=1 1024w, https:\/\/i0.wp.com\/cdnoticias.com\/wp-content\/uploads\/2020\/09\/DSC_8785.jpg?resize=300%2C200&amp;ssl=1 300w, https:\/\/i0.wp.com\/cdnoticias.com\/wp-content\/uploads\/2020\/09\/DSC_8785.jpg?resize=768%2C512&amp;ssl=1 768w, https:\/\/i0.wp.com\/cdnoticias.com\/wp-content\/uploads\/2020\/09\/DSC_8785.jpg?resize=272%2C182&amp;ssl=1 272w, https:\/\/i0.wp.com\/cdnoticias.com\/wp-content\/uploads\/2020\/09\/DSC_8785.jpg?w=1600&amp;ssl=1 1600w, https:\/\/i0.wp.com\/cdnoticias.com\/wp-content\/uploads\/2020\/09\/DSC_8785.jpg?w=2400&amp;ssl=1 2400w\" sizes=\"auto, (max-width: 800px) 100vw, 800px\" \/><\/p>\n<p>&nbsp;<\/p>\n<p>Dentro de \u201cgeneral y comando\u201d, <strong>los salarios suben a $ 46.391 para un sargento, a $ 47.248 para un subteniente y a $ 48.691 para un teniente. En tanto, un subcomisario cobrar\u00e1 $ 80.968; un comisario, $ 90.836, y un comisario general $ 168.361.\u00a0<\/strong><\/p>\n<p>&nbsp;<\/p>\n<p>En el subescalaf\u00f3n de \u201cprofesional, administrativo, t\u00e9cnico, servicios generales y de emergencias telef\u00f3nicas 911\u201d los sargentos llegan a $ 34.598; los subtenientes a $ 35.207; y los tenientes a $ 36.178. Asimismo, el sueldo de un subcomisario qued\u00f3 en $ 63.899 y el de un comisario en $ 68.054.<strong> El de un comisario general es de $ 129.809.<\/strong><\/p>\n<p>&nbsp;<\/p>\n<p><strong><img data-recalc-dims=\"1\" loading=\"lazy\" decoding=\"async\" class=\"alignnone size-large wp-image-1176\" src=\"https:\/\/i0.wp.com\/cdnoticias.com\/wp-content\/uploads\/2020\/09\/Patrullero01.jpg?resize=800%2C600&#038;ssl=1\" alt=\"\" width=\"800\" height=\"600\" srcset=\"https:\/\/i0.wp.com\/cdnoticias.com\/wp-content\/uploads\/2020\/09\/Patrullero01.jpg?resize=1024%2C768&amp;ssl=1 1024w, https:\/\/i0.wp.com\/cdnoticias.com\/wp-content\/uploads\/2020\/09\/Patrullero01.jpg?resize=300%2C225&amp;ssl=1 300w, https:\/\/i0.wp.com\/cdnoticias.com\/wp-content\/uploads\/2020\/09\/Patrullero01.jpg?resize=768%2C576&amp;ssl=1 768w, https:\/\/i0.wp.com\/cdnoticias.com\/wp-content\/uploads\/2020\/09\/Patrullero01.jpg?w=1280&amp;ssl=1 1280w\" sizes=\"auto, (max-width: 800px) 100vw, 800px\" \/><\/strong><\/p>\n<p>&nbsp;<\/p>\n<p>Vale recordar que, tras las tensas protestas que tuvieron su punto m\u00e1s caliente en las puertas de las Quinta de Olivos, Provincia tambi\u00e9n decidi\u00f3 <strong>triplicar el valor de las \u201choras cores\u201d (extras) -que pas\u00f3 de $ 40 a $ 120- y aumentar el mont\u00f3 mensual por mantenimiento de la vestimenta. Para esto \u00faltimo, los efectivos pertenecientes a \u201cgeneral y comando\u201d tendr\u00e1n una disponibilidad de $ 5 mil<\/strong>; y los de \u201cprofesional, administrativo, t\u00e9cnico, servicios generales y de emergencias telef\u00f3nicas 911\u201d, de $ 2.500.<\/p>\n<p>&nbsp;<\/p>\n<p><strong>\u201cNing\u00fan polic\u00eda cuando egrese de nuestra escuela, entre su salario de bolsillo y la compensaci\u00f3n por el uniforme, cobrar\u00e1 menos de $ 49 mil<\/strong>. Y aquel polic\u00eda que siga haciendo horas adicionales va a cobrar arriba de $ 60 mil\u201d, detall\u00f3 Kicillof la semana pasada en el anuncio.<\/p>\n<p>&nbsp;<\/p>\n<p>Adem\u00e1s, con los haberes de septiembre, los agentes de la fuerza percibir\u00e1n un <strong>\u201cbono extraordinario Covid 2020\u201d<\/strong> con un monto de $ 5 mil. El mismo se otorgar\u00e1 por \u00fanica vez.<\/p>\n<p>&nbsp;<\/p>\n<p><a href=\"https:\/\/dib.com.ar\/2020\/09\/asi-quedan-los-salarios-de-la-policia-bonaerense-tras-el-anuncio-de-kicillof\/\"><em>Fuente DIB<\/em><\/a><\/p>\n","protected":false},"excerpt":{"rendered":"<p>Se conoci\u00f3 la nueva escala salarial de la fuerza provincial. Con los sueldos de septiembre, los agentes tambi\u00e9n cobrar\u00e1n un<\/p>\n","protected":false},"author":3,"featured_media":1205,"comment_status":"closed","ping_status":"closed","sticky":false,"template":"","format":"standard","meta":{"_jetpack_memberships_contains_paid_content":false,"footnotes":""},"categories":[6,1],"tags":[],"class_list":["post-1483","post","type-post","status-publish","format-standard","has-post-thumbnail","hentry","category-nacionales","category-portada"],"jetpack_featured_media_url":"https:\/\/i0.wp.com\/cdnoticias.com\/wp-content\/uploads\/2020\/09\/DSC_8784.jpg?fit=4608%2C3072&ssl=1","jetpack_sharing_enabled":true,"_links":{"self":[{"href":"https:\/\/cdnoticias.com\/index.php\/wp-json\/wp\/v2\/posts\/1483","targetHints":{"allow":["GET"]}}],"collection":[{"href":"https:\/\/cdnoticias.com\/index.php\/wp-json\/wp\/v2\/posts"}],"about":[{"href":"https:\/\/cdnoticias.com\/index.php\/wp-json\/wp\/v2\/types\/post"}],"author":[{"embeddable":true,"href":"https:\/\/cdnoticias.com\/index.php\/wp-json\/wp\/v2\/users\/3"}],"replies":[{"embeddable":true,"href":"https:\/\/cdnoticias.com\/index.php\/wp-json\/wp\/v2\/comments?post=1483"}],"version-history":[{"count":0,"href":"https:\/\/cdnoticias.com\/index.php\/wp-json\/wp\/v2\/posts\/1483\/revisions"}],"wp:featuredmedia":[{"embeddable":true,"href":"https:\/\/cdnoticias.com\/index.php\/wp-json\/wp\/v2\/media\/1205"}],"wp:attachment":[{"href":"https:\/\/cdnoticias.com\/index.php\/wp-json\/wp\/v2\/media?parent=1483"}],"wp:term":[{"taxonomy":"category","embeddable":true,"href":"https:\/\/cdnoticias.com\/index.php\/wp-json\/wp\/v2\/categories?post=1483"},{"taxonomy":"post_tag","embeddable":true,"href":"https:\/\/cdnoticias.com\/index.php\/wp-json\/wp\/v2\/tags?post=1483"}],"curies":[{"name":"wp","href":"https:\/\/api.w.org\/{rel}","templated":true}]}}